{"id":1275,"date":"2025-09-15T11:52:07","date_gmt":"2025-09-15T09:52:07","guid":{"rendered":"https:\/\/uir-ri.hr\/?p=1275"},"modified":"2025-09-15T11:52:24","modified_gmt":"2025-09-15T09:52:24","slug":"nasa-udruga-sudjelovala-na-pocetnoj-online-konferenciji-programa-umrezimo-usluge-za-nove-prilike","status":"publish","type":"post","link":"https:\/\/uir-ri.hr\/?p=1275","title":{"rendered":"Na\u0161a udruga sudjelovala na Po\u010detnoj online konferenciji programa \u201eUmre\u017eimo usluge za nove prilike\u201c"},"content":{"rendered":"<p>U petak 5. rujna 2025. godine\u00a0 na\u0161a Udruga sudjelovala je na Po\u010detnoj online konferenciji programa \u201eUmre\u017eimo usluge za nove prilike\u201c organiziranoj od strane Hrvatskog saveza udruga invalida rada Rijeka. Online konferencija je organizirana\u00a0 povodom nastavka III. godine provedbe trogodi\u0161njeg programa \u201eUmre\u017eimo usluge za nove prilike\u201c koji provodi HSUIR.<\/p>\n<p>Na konferenciji su predstavljene aktivnosti usmjerene ja\u010danju kapaciteta udruga, razvoju novih socijalnih usluga te unaprje\u0111enju kvalitete \u017eivota osoba s invaliditetom u Hrvatskoj.<\/p>\n","protected":false},"excerpt":{"rendered":"<p>U petak 5. rujna 2025. godine\u00a0 na\u0161a Udruga sudjelovala je na Po\u010detnoj online konferenciji programa \u201eUmre\u017eimo usluge za nove prilike\u201c organiziranoj od strane Hrvatskog saveza udruga invalida rada Rijeka. Online konferencija je organizirana\u00a0 povodom&#46;&#46;&#46;<\/p>\n","protected":false},"author":2,"featured_media":1276,"comment_status":"closed","ping_status":"closed","sticky":false,"template":"","format":"standard","meta":{"footnotes":""},"categories":[1],"tags":[],"class_list":["post-1275","post","type-post","status-publish","format-standard","has-post-thumbnail","hentry","category-vijesti"],"yoast_head":"<!-- This site is optimized with the Yoast SEO plugin v25.0 - https:\/\/yoast.com\/wordpress\/plugins\/seo\/ -->\n<title>Na\u0161a udruga sudjelovala na Po\u010detnoj online konferenciji programa \u201eUmre\u017eimo usluge za nove prilike\u201c - Udruga invalida rada Rijeka<\/title>\n<meta name=\"robots\" content=\"index, follow, max-snippet:-1, max-image-preview:large, max-video-preview:-1\" \/>\n<link rel=\"canonical\" href=\"https:\/\/uir-ri.hr\/?p=1275\" \/>\n<meta property=\"og:locale\" content=\"hr_HR\" \/>\n<meta property=\"og:type\" content=\"article\" \/>\n<meta property=\"og:title\" content=\"Na\u0161a udruga sudjelovala na Po\u010detnoj online konferenciji programa \u201eUmre\u017eimo usluge za nove prilike\u201c - Udruga invalida rada Rijeka\" \/>\n<meta property=\"og:description\" content=\"U petak 5. rujna 2025. godine\u00a0 na\u0161a Udruga sudjelovala je na Po\u010detnoj online konferenciji programa \u201eUmre\u017eimo usluge za nove prilike\u201c organiziranoj od strane Hrvatskog saveza udruga invalida rada Rijeka. Online konferencija je organizirana\u00a0 povodom&#046;&#046;&#046;\" \/>\n<meta property=\"og:url\" content=\"https:\/\/uir-ri.hr\/?p=1275\" \/>\n<meta property=\"og:site_name\" content=\"Udruga invalida rada Rijeka\" \/>\n<meta property=\"article:published_time\" content=\"2025-09-15T09:52:07+00:00\" \/>\n<meta property=\"article:modified_time\" content=\"2025-09-15T09:52:24+00:00\" \/>\n<meta property=\"og:image\" content=\"https:\/\/uir-ri.hr\/wp-content\/uploads\/2025\/09\/HSUIR-pocetna-konferencija.png\" \/>\n\t<meta property=\"og:image:width\" content=\"1892\" \/>\n\t<meta property=\"og:image:height\" content=\"728\" \/>\n\t<meta property=\"og:image:type\" content=\"image\/png\" \/>\n<meta name=\"author\" content=\"uir\" \/>\n<meta name=\"twitter:card\" content=\"summary_large_image\" \/>\n<meta name=\"twitter:label1\" content=\"Napisao\/la\" \/>\n\t<meta name=\"twitter:data1\" content=\"uir\" \/>\n\t<meta name=\"twitter:label2\" content=\"Procijenjeno vrijeme \u010ditanja\" \/>\n\t<meta name=\"twitter:data2\" content=\"1 minuta\" \/>\n<script type=\"application\/ld+json\" class=\"yoast-schema-graph\">{\"@context\":\"https:\/\/schema.org\",\"@graph\":[{\"@type\":\"Article\",\"@id\":\"https:\/\/uir-ri.hr\/?p=1275#article\",\"isPartOf\":{\"@id\":\"https:\/\/uir-ri.hr\/?p=1275\"},\"author\":{\"name\":\"uir\",\"@id\":\"https:\/\/uir-ri.hr\/#\/schema\/person\/1daea4437933e995bef9aec7c894432e\"},\"headline\":\"Na\u0161a udruga sudjelovala na Po\u010detnoj online konferenciji programa \u201eUmre\u017eimo usluge za nove prilike\u201c\",\"datePublished\":\"2025-09-15T09:52:07+00:00\",\"dateModified\":\"2025-09-15T09:52:24+00:00\",\"mainEntityOfPage\":{\"@id\":\"https:\/\/uir-ri.hr\/?p=1275\"},\"wordCount\":91,\"publisher\":{\"@id\":\"https:\/\/uir-ri.hr\/#organization\"},\"image\":{\"@id\":\"https:\/\/uir-ri.hr\/?p=1275#primaryimage\"},\"thumbnailUrl\":\"https:\/\/uir-ri.hr\/wp-content\/uploads\/2025\/09\/HSUIR-pocetna-konferencija.png\",\"articleSection\":[\"Vijesti\"],\"inLanguage\":\"hr\"},{\"@type\":\"WebPage\",\"@id\":\"https:\/\/uir-ri.hr\/?p=1275\",\"url\":\"https:\/\/uir-ri.hr\/?p=1275\",\"name\":\"Na\u0161a udruga sudjelovala na Po\u010detnoj online konferenciji programa \u201eUmre\u017eimo usluge za nove prilike\u201c - Udruga invalida rada Rijeka\",\"isPartOf\":{\"@id\":\"https:\/\/uir-ri.hr\/#website\"},\"primaryImageOfPage\":{\"@id\":\"https:\/\/uir-ri.hr\/?p=1275#primaryimage\"},\"image\":{\"@id\":\"https:\/\/uir-ri.hr\/?p=1275#primaryimage\"},\"thumbnailUrl\":\"https:\/\/uir-ri.hr\/wp-content\/uploads\/2025\/09\/HSUIR-pocetna-konferencija.png\",\"datePublished\":\"2025-09-15T09:52:07+00:00\",\"dateModified\":\"2025-09-15T09:52:24+00:00\",\"breadcrumb\":{\"@id\":\"https:\/\/uir-ri.hr\/?p=1275#breadcrumb\"},\"inLanguage\":\"hr\",\"potentialAction\":[{\"@type\":\"ReadAction\",\"target\":[\"https:\/\/uir-ri.hr\/?p=1275\"]}]},{\"@type\":\"ImageObject\",\"inLanguage\":\"hr\",\"@id\":\"https:\/\/uir-ri.hr\/?p=1275#primaryimage\",\"url\":\"https:\/\/uir-ri.hr\/wp-content\/uploads\/2025\/09\/HSUIR-pocetna-konferencija.png\",\"contentUrl\":\"https:\/\/uir-ri.hr\/wp-content\/uploads\/2025\/09\/HSUIR-pocetna-konferencija.png\",\"width\":1892,\"height\":728},{\"@type\":\"BreadcrumbList\",\"@id\":\"https:\/\/uir-ri.hr\/?p=1275#breadcrumb\",\"itemListElement\":[{\"@type\":\"ListItem\",\"position\":1,\"name\":\"Po\u010detna stranica\",\"item\":\"https:\/\/uir-ri.hr\/\"},{\"@type\":\"ListItem\",\"position\":2,\"name\":\"Na\u0161a udruga sudjelovala na Po\u010detnoj online konferenciji programa \u201eUmre\u017eimo usluge za nove prilike\u201c\"}]},{\"@type\":\"WebSite\",\"@id\":\"https:\/\/uir-ri.hr\/#website\",\"url\":\"https:\/\/uir-ri.hr\/\",\"name\":\"Udruga invalida rada Rijeka\",\"description\":\"Slu\u017ebene stranice\",\"publisher\":{\"@id\":\"https:\/\/uir-ri.hr\/#organization\"},\"potentialAction\":[{\"@type\":\"SearchAction\",\"target\":{\"@type\":\"EntryPoint\",\"urlTemplate\":\"https:\/\/uir-ri.hr\/?s={search_term_string}\"},\"query-input\":{\"@type\":\"PropertyValueSpecification\",\"valueRequired\":true,\"valueName\":\"search_term_string\"}}],\"inLanguage\":\"hr\"},{\"@type\":\"Organization\",\"@id\":\"https:\/\/uir-ri.hr\/#organization\",\"name\":\"UDRUGA INVALIDA RADA RIJEKA\",\"url\":\"https:\/\/uir-ri.hr\/\",\"logo\":{\"@type\":\"ImageObject\",\"inLanguage\":\"hr\",\"@id\":\"https:\/\/uir-ri.hr\/#\/schema\/logo\/image\/\",\"url\":\"https:\/\/uir-ri.hr\/wp-content\/uploads\/2017\/04\/n_mi_201653124327.png\",\"contentUrl\":\"https:\/\/uir-ri.hr\/wp-content\/uploads\/2017\/04\/n_mi_201653124327.png\",\"width\":324,\"height\":245,\"caption\":\"UDRUGA INVALIDA RADA RIJEKA\"},\"image\":{\"@id\":\"https:\/\/uir-ri.hr\/#\/schema\/logo\/image\/\"}},{\"@type\":\"Person\",\"@id\":\"https:\/\/uir-ri.hr\/#\/schema\/person\/1daea4437933e995bef9aec7c894432e\",\"name\":\"uir\",\"image\":{\"@type\":\"ImageObject\",\"inLanguage\":\"hr\",\"@id\":\"https:\/\/uir-ri.hr\/#\/schema\/person\/image\/\",\"url\":\"https:\/\/secure.gravatar.com\/avatar\/e6b1386950a1f5c1ce514e850bec9a3dda744ae1bb85599e1e931622fadc699b?s=96&d=mm&r=g\",\"contentUrl\":\"https:\/\/secure.gravatar.com\/avatar\/e6b1386950a1f5c1ce514e850bec9a3dda744ae1bb85599e1e931622fadc699b?s=96&d=mm&r=g\",\"caption\":\"uir\"}}]}<\/script>\n<!-- \/ Yoast SEO plugin. -->","yoast_head_json":{"title":"Na\u0161a udruga sudjelovala na Po\u010detnoj online konferenciji programa \u201eUmre\u017eimo usluge za nove prilike\u201c - Udruga invalida rada Rijeka","robots":{"index":"index","follow":"follow","max-snippet":"max-snippet:-1","max-image-preview":"max-image-preview:large","max-video-preview":"max-video-preview:-1"},"canonical":"https:\/\/uir-ri.hr\/?p=1275","og_locale":"hr_HR","og_type":"article","og_title":"Na\u0161a udruga sudjelovala na Po\u010detnoj online konferenciji programa \u201eUmre\u017eimo usluge za nove prilike\u201c - Udruga invalida rada Rijeka","og_description":"U petak 5. rujna 2025. godine\u00a0 na\u0161a Udruga sudjelovala je na Po\u010detnoj online konferenciji programa \u201eUmre\u017eimo usluge za nove prilike\u201c organiziranoj od strane Hrvatskog saveza udruga invalida rada Rijeka. Online konferencija je organizirana\u00a0 povodom&#46;&#46;&#46;","og_url":"https:\/\/uir-ri.hr\/?p=1275","og_site_name":"Udruga invalida rada Rijeka","article_published_time":"2025-09-15T09:52:07+00:00","article_modified_time":"2025-09-15T09:52:24+00:00","og_image":[{"width":1892,"height":728,"url":"https:\/\/uir-ri.hr\/wp-content\/uploads\/2025\/09\/HSUIR-pocetna-konferencija.png","type":"image\/png"}],"author":"uir","twitter_card":"summary_large_image","twitter_misc":{"Napisao\/la":"uir","Procijenjeno vrijeme \u010ditanja":"1 minuta"},"schema":{"@context":"https:\/\/schema.org","@graph":[{"@type":"Article","@id":"https:\/\/uir-ri.hr\/?p=1275#article","isPartOf":{"@id":"https:\/\/uir-ri.hr\/?p=1275"},"author":{"name":"uir","@id":"https:\/\/uir-ri.hr\/#\/schema\/person\/1daea4437933e995bef9aec7c894432e"},"headline":"Na\u0161a udruga sudjelovala na Po\u010detnoj online konferenciji programa \u201eUmre\u017eimo usluge za nove prilike\u201c","datePublished":"2025-09-15T09:52:07+00:00","dateModified":"2025-09-15T09:52:24+00:00","mainEntityOfPage":{"@id":"https:\/\/uir-ri.hr\/?p=1275"},"wordCount":91,"publisher":{"@id":"https:\/\/uir-ri.hr\/#organization"},"image":{"@id":"https:\/\/uir-ri.hr\/?p=1275#primaryimage"},"thumbnailUrl":"https:\/\/uir-ri.hr\/wp-content\/uploads\/2025\/09\/HSUIR-pocetna-konferencija.png","articleSection":["Vijesti"],"inLanguage":"hr"},{"@type":"WebPage","@id":"https:\/\/uir-ri.hr\/?p=1275","url":"https:\/\/uir-ri.hr\/?p=1275","name":"Na\u0161a udruga sudjelovala na Po\u010detnoj online konferenciji programa \u201eUmre\u017eimo usluge za nove prilike\u201c - Udruga invalida rada Rijeka","isPartOf":{"@id":"https:\/\/uir-ri.hr\/#website"},"primaryImageOfPage":{"@id":"https:\/\/uir-ri.hr\/?p=1275#primaryimage"},"image":{"@id":"https:\/\/uir-ri.hr\/?p=1275#primaryimage"},"thumbnailUrl":"https:\/\/uir-ri.hr\/wp-content\/uploads\/2025\/09\/HSUIR-pocetna-konferencija.png","datePublished":"2025-09-15T09:52:07+00:00","dateModified":"2025-09-15T09:52:24+00:00","breadcrumb":{"@id":"https:\/\/uir-ri.hr\/?p=1275#breadcrumb"},"inLanguage":"hr","potentialAction":[{"@type":"ReadAction","target":["https:\/\/uir-ri.hr\/?p=1275"]}]},{"@type":"ImageObject","inLanguage":"hr","@id":"https:\/\/uir-ri.hr\/?p=1275#primaryimage","url":"https:\/\/uir-ri.hr\/wp-content\/uploads\/2025\/09\/HSUIR-pocetna-konferencija.png","contentUrl":"https:\/\/uir-ri.hr\/wp-content\/uploads\/2025\/09\/HSUIR-pocetna-konferencija.png","width":1892,"height":728},{"@type":"BreadcrumbList","@id":"https:\/\/uir-ri.hr\/?p=1275#breadcrumb","itemListElement":[{"@type":"ListItem","position":1,"name":"Po\u010detna stranica","item":"https:\/\/uir-ri.hr\/"},{"@type":"ListItem","position":2,"name":"Na\u0161a udruga sudjelovala na Po\u010detnoj online konferenciji programa \u201eUmre\u017eimo usluge za nove prilike\u201c"}]},{"@type":"WebSite","@id":"https:\/\/uir-ri.hr\/#website","url":"https:\/\/uir-ri.hr\/","name":"Udruga invalida rada Rijeka","description":"Slu\u017ebene stranice","publisher":{"@id":"https:\/\/uir-ri.hr\/#organization"},"potentialAction":[{"@type":"SearchAction","target":{"@type":"EntryPoint","urlTemplate":"https:\/\/uir-ri.hr\/?s={search_term_string}"},"query-input":{"@type":"PropertyValueSpecification","valueRequired":true,"valueName":"search_term_string"}}],"inLanguage":"hr"},{"@type":"Organization","@id":"https:\/\/uir-ri.hr\/#organization","name":"UDRUGA INVALIDA RADA RIJEKA","url":"https:\/\/uir-ri.hr\/","logo":{"@type":"ImageObject","inLanguage":"hr","@id":"https:\/\/uir-ri.hr\/#\/schema\/logo\/image\/","url":"https:\/\/uir-ri.hr\/wp-content\/uploads\/2017\/04\/n_mi_201653124327.png","contentUrl":"https:\/\/uir-ri.hr\/wp-content\/uploads\/2017\/04\/n_mi_201653124327.png","width":324,"height":245,"caption":"UDRUGA INVALIDA RADA RIJEKA"},"image":{"@id":"https:\/\/uir-ri.hr\/#\/schema\/logo\/image\/"}},{"@type":"Person","@id":"https:\/\/uir-ri.hr\/#\/schema\/person\/1daea4437933e995bef9aec7c894432e","name":"uir","image":{"@type":"ImageObject","inLanguage":"hr","@id":"https:\/\/uir-ri.hr\/#\/schema\/person\/image\/","url":"https:\/\/secure.gravatar.com\/avatar\/e6b1386950a1f5c1ce514e850bec9a3dda744ae1bb85599e1e931622fadc699b?s=96&d=mm&r=g","contentUrl":"https:\/\/secure.gravatar.com\/avatar\/e6b1386950a1f5c1ce514e850bec9a3dda744ae1bb85599e1e931622fadc699b?s=96&d=mm&r=g","caption":"uir"}}]}},"_links":{"self":[{"href":"https:\/\/uir-ri.hr\/index.php?rest_route=\/wp\/v2\/posts\/1275","targetHints":{"allow":["GET"]}}],"collection":[{"href":"https:\/\/uir-ri.hr\/index.php?rest_route=\/wp\/v2\/posts"}],"about":[{"href":"https:\/\/uir-ri.hr\/index.php?rest_route=\/wp\/v2\/types\/post"}],"author":[{"embeddable":true,"href":"https:\/\/uir-ri.hr\/index.php?rest_route=\/wp\/v2\/users\/2"}],"replies":[{"embeddable":true,"href":"https:\/\/uir-ri.hr\/index.php?rest_route=%2Fwp%2Fv2%2Fcomments&post=1275"}],"version-history":[{"count":2,"href":"https:\/\/uir-ri.hr\/index.php?rest_route=\/wp\/v2\/posts\/1275\/revisions"}],"predecessor-version":[{"id":1279,"href":"https:\/\/uir-ri.hr\/index.php?rest_route=\/wp\/v2\/posts\/1275\/revisions\/1279"}],"wp:featuredmedia":[{"embeddable":true,"href":"https:\/\/uir-ri.hr\/index.php?rest_route=\/wp\/v2\/media\/1276"}],"wp:attachment":[{"href":"https:\/\/uir-ri.hr\/index.php?rest_route=%2Fwp%2Fv2%2Fmedia&parent=1275"}],"wp:term":[{"taxonomy":"category","embeddable":true,"href":"https:\/\/uir-ri.hr\/index.php?rest_route=%2Fwp%2Fv2%2Fcategories&post=1275"},{"taxonomy":"post_tag","embeddable":true,"href":"https:\/\/uir-ri.hr\/index.php?rest_route=%2Fwp%2Fv2%2Ftags&post=1275"}],"curies":[{"name":"wp","href":"https:\/\/api.w.org\/{rel}","templated":true}]}}