{"id":1464,"date":"2026-01-20T12:59:06","date_gmt":"2026-01-20T11:59:06","guid":{"rendered":"https:\/\/uir-ri.hr\/?p=1464"},"modified":"2026-01-20T12:59:06","modified_gmt":"2026-01-20T11:59:06","slug":"posjet-kazalistu-predstava-nigdje-niotkuda","status":"publish","type":"post","link":"https:\/\/uir-ri.hr\/?p=1464","title":{"rendered":"Posjet kazali\u0161tu, predstava &#8220;Nigdje, niotkuda&#8221;"},"content":{"rendered":"<p class=\"western\" align=\"left\"><span style=\"color: #0a0a0a;\"><span style=\"font-family: Google Sans, Arial, sans-serif;\"><span style=\"font-size: medium;\">I u novoj 2026. god. Udruga invalida rada Rijeka nastavlja s kulturnim sadr\u017eajima te smo za na\u0161e \u010dlanove 19. sije\u010dnja organizirali zajedni\u010dki posjet kazali\u0161tu Ivana pl. Zajca na \u010dijim smo scenskim daskama odgledali predstavu \u201eNigdje, niotkuda.\u201d<\/span><\/span><\/span><\/p>\n<p class=\"western\" align=\"left\"><span style=\"color: #0a0a0a;\"><span style=\"font-family: Google Sans, Arial, sans-serif;\"><span style=\"font-size: medium;\">Rije\u010d je o scenskoj adaptaciji istoimenog romana\u00a0Bekima Sejranovi\u0107a. Ova rije\u010dko-bosansko-skandinavska saga prati \u017eivotnu putanju glavnog junaka od djetinjstva u\u00a0<\/span><\/span><\/span><span style=\"color: #0a0a0a;\"><span style=\"font-family: Google Sans, Arial, sans-serif;\"><span style=\"font-size: medium;\">Br\u010dkom<\/span><\/span><\/span><span style=\"color: #0a0a0a;\"><span style=\"font-family: Google Sans, Arial, sans-serif;\"><span style=\"font-size: medium;\">, preko mladena\u010dkih dana u\u00a0<\/span><\/span><\/span><span style=\"color: #0a0a0a;\"><span style=\"font-family: Google Sans, Arial, sans-serif;\"><span style=\"font-size: medium;\">Rijeci<\/span><\/span><\/span><span style=\"color: #0a0a0a;\"><span style=\"font-family: Google Sans, Arial, sans-serif;\"><span style=\"font-size: medium;\">, pa sve do egzila u\u00a0<\/span><\/span><\/span><span style=\"color: #0a0a0a;\"><span style=\"font-family: Google Sans, Arial, sans-serif;\"><span style=\"font-size: medium;\">Norve\u0161koj gdje studira i radi kao prevoditelj i predava\u010d.<\/span><\/span><\/span><\/p>\n<p class=\"western\" align=\"left\"><span style=\"color: #0a0a0a;\"><span style=\"font-family: Google Sans, Arial, sans-serif;\"><span style=\"font-size: medium;\">Predstava duboko propituje osje\u0107aj nepripadnosti i vje\u010dnog stranca koji se nigdje ne osje\u0107a potpuno &#8220;kod ku\u0107e&#8221;, a funkcionira kao svojevrsna oda Rijeci, gradu koji je oblikovao autorov \u017eivot i literarni opus. <\/span><\/span><\/span><\/p>\n<p class=\"western\" align=\"left\"><span style=\"color: #0a0a0a;\"><span style=\"font-family: Google Sans, Arial, sans-serif;\"><span style=\"font-size: medium;\">Adaptaciju potpisuje Goran Vojnovi\u0107, a glavni protagonisti su glumci: Leon Lu\u010dev kao odrasli i Tarik \u017di\u017eak kao mladi Bekim. U ostalim ulogama pojavljuju : Nives Ivankovi\u0107, Aleksandra Stojakovi\u0107 Olenjuk, Romina Tonkovi\u0107, Zoran Prodanovi\u0107 Prlja, Jelena Lopati\u0107, Nika Grbelja, Damir Orli\u0107, Deni Sankovi\u0107, Dra\u017een Mikuli\u0107, Petar Baljak, Ana Vilenica.<\/span><\/span><\/span><\/p>\n<p class=\"western\" align=\"left\"><span style=\"color: #0a0a0a;\"><span style=\"font-family: Google Sans, Arial, sans-serif;\"><span style=\"font-size: medium;\">Rije\u010d je o koprodukciji\u00a0HNK Ivana pl. Zajca\u00a0i\u00a0<\/span><\/span><\/span><span style=\"color: #0a0a0a;\"><span style=\"font-family: Google Sans, Arial, sans-serif;\"><span style=\"font-size: medium;\">HNK Split<\/span><\/span><\/span><span style=\"color: #0a0a0a;\"><span style=\"font-family: Google Sans, Arial, sans-serif;\"><span style=\"font-size: medium;\">, koja kroz dva sata bez pauze uvla\u010di gledatelja u intiman svijet nomadskog \u017eivota i potrage za smislom.\u00a0<\/span><\/span><\/span><\/p>\n\n\t\t<style>\n\t\t\t#gallery-1 {\n\t\t\t\tmargin: auto;\n\t\t\t}\n\t\t\t#gallery-1 .gallery-item {\n\t\t\t\tfloat: left;\n\t\t\t\tmargin-top: 10px;\n\t\t\t\ttext-align: center;\n\t\t\t\twidth: 33%;\n\t\t\t}\n\t\t\t#gallery-1 img {\n\t\t\t\tborder: 2px solid #cfcfcf;\n\t\t\t}\n\t\t\t#gallery-1 .gallery-caption {\n\t\t\t\tmargin-left: 0;\n\t\t\t}\n\t\t\t\/* see gallery_shortcode() in wp-includes\/media.php *\/\n\t\t<\/style>\n\t\t<div id='gallery-1' class='gallery galleryid-1464 gallery-columns-3 gallery-size-thumbnail'><dl class='gallery-item'>\n\t\t\t<dt class='gallery-icon landscape'>\n\t\t\t\t<a href='https:\/\/uir-ri.hr\/wp-content\/uploads\/2026\/01\/84afccd6-41ae-4cc2-9d42-17bf99eac7ff.jpg' title=\"\" data-rl_title=\"\" class=\"rl-gallery-link\" data-rl_caption=\"\" data-rel=\"lightbox-gallery-1\"><img loading=\"lazy\" decoding=\"async\" width=\"150\" height=\"150\" src=\"https:\/\/uir-ri.hr\/wp-content\/uploads\/2026\/01\/84afccd6-41ae-4cc2-9d42-17bf99eac7ff-150x150.jpg\" class=\"attachment-thumbnail size-thumbnail\" alt=\"\" srcset=\"https:\/\/uir-ri.hr\/wp-content\/uploads\/2026\/01\/84afccd6-41ae-4cc2-9d42-17bf99eac7ff-150x150.jpg 150w, https:\/\/uir-ri.hr\/wp-content\/uploads\/2026\/01\/84afccd6-41ae-4cc2-9d42-17bf99eac7ff-80x80.jpg 80w, https:\/\/uir-ri.hr\/wp-content\/uploads\/2026\/01\/84afccd6-41ae-4cc2-9d42-17bf99eac7ff-320x320.jpg 320w\" sizes=\"auto, (max-width: 150px) 100vw, 150px\" \/><\/a>\n\t\t\t<\/dt><\/dl>\n\t\t\t<br style='clear: both' \/>\n\t\t<\/div>\n\n","protected":false},"excerpt":{"rendered":"<p>I u novoj 2026. god. Udruga invalida rada Rijeka nastavlja s kulturnim sadr\u017eajima te smo za na\u0161e \u010dlanove 19. sije\u010dnja organizirali zajedni\u010dki posjet kazali\u0161tu Ivana pl. Zajca na \u010dijim smo scenskim daskama odgledali predstavu&#46;&#46;&#46;<\/p>\n","protected":false},"author":2,"featured_media":1465,"comment_status":"closed","ping_status":"closed","sticky":false,"template":"","format":"standard","meta":{"footnotes":""},"categories":[1],"tags":[],"class_list":["post-1464","post","type-post","status-publish","format-standard","has-post-thumbnail","hentry","category-vijesti"],"yoast_head":"<!-- This site is optimized with the Yoast SEO plugin v25.0 - https:\/\/yoast.com\/wordpress\/plugins\/seo\/ -->\n<title>Posjet kazali\u0161tu, predstava &quot;Nigdje, niotkuda&quot; - Udruga invalida rada Rijeka<\/title>\n<meta name=\"robots\" content=\"index, follow, max-snippet:-1, max-image-preview:large, max-video-preview:-1\" \/>\n<link rel=\"canonical\" href=\"https:\/\/uir-ri.hr\/?p=1464\" \/>\n<meta property=\"og:locale\" content=\"hr_HR\" \/>\n<meta property=\"og:type\" content=\"article\" \/>\n<meta property=\"og:title\" content=\"Posjet kazali\u0161tu, predstava &quot;Nigdje, niotkuda&quot; - Udruga invalida rada Rijeka\" \/>\n<meta property=\"og:description\" content=\"I u novoj 2026. god. Udruga invalida rada Rijeka nastavlja s kulturnim sadr\u017eajima te smo za na\u0161e \u010dlanove 19. sije\u010dnja organizirali zajedni\u010dki posjet kazali\u0161tu Ivana pl. Zajca na \u010dijim smo scenskim daskama odgledali predstavu&#046;&#046;&#046;\" \/>\n<meta property=\"og:url\" content=\"https:\/\/uir-ri.hr\/?p=1464\" \/>\n<meta property=\"og:site_name\" content=\"Udruga invalida rada Rijeka\" \/>\n<meta property=\"article:published_time\" content=\"2026-01-20T11:59:06+00:00\" \/>\n<meta property=\"og:image\" content=\"https:\/\/uir-ri.hr\/wp-content\/uploads\/2026\/01\/84afccd6-41ae-4cc2-9d42-17bf99eac7ff.jpg\" \/>\n\t<meta property=\"og:image:width\" content=\"2048\" \/>\n\t<meta property=\"og:image:height\" content=\"1560\" \/>\n\t<meta property=\"og:image:type\" content=\"image\/jpeg\" \/>\n<meta name=\"author\" content=\"uir\" \/>\n<meta name=\"twitter:card\" content=\"summary_large_image\" \/>\n<meta name=\"twitter:label1\" content=\"Napisao\/la\" \/>\n\t<meta name=\"twitter:data1\" content=\"uir\" \/>\n\t<meta name=\"twitter:label2\" content=\"Procijenjeno vrijeme \u010ditanja\" \/>\n\t<meta name=\"twitter:data2\" content=\"2 minute\" \/>\n<script type=\"application\/ld+json\" class=\"yoast-schema-graph\">{\"@context\":\"https:\/\/schema.org\",\"@graph\":[{\"@type\":\"Article\",\"@id\":\"https:\/\/uir-ri.hr\/?p=1464#article\",\"isPartOf\":{\"@id\":\"https:\/\/uir-ri.hr\/?p=1464\"},\"author\":{\"name\":\"uir\",\"@id\":\"https:\/\/uir-ri.hr\/#\/schema\/person\/1daea4437933e995bef9aec7c894432e\"},\"headline\":\"Posjet kazali\u0161tu, predstava &#8220;Nigdje, niotkuda&#8221;\",\"datePublished\":\"2026-01-20T11:59:06+00:00\",\"mainEntityOfPage\":{\"@id\":\"https:\/\/uir-ri.hr\/?p=1464\"},\"wordCount\":206,\"publisher\":{\"@id\":\"https:\/\/uir-ri.hr\/#organization\"},\"image\":{\"@id\":\"https:\/\/uir-ri.hr\/?p=1464#primaryimage\"},\"thumbnailUrl\":\"https:\/\/uir-ri.hr\/wp-content\/uploads\/2026\/01\/84afccd6-41ae-4cc2-9d42-17bf99eac7ff.jpg\",\"articleSection\":[\"Vijesti\"],\"inLanguage\":\"hr\"},{\"@type\":\"WebPage\",\"@id\":\"https:\/\/uir-ri.hr\/?p=1464\",\"url\":\"https:\/\/uir-ri.hr\/?p=1464\",\"name\":\"Posjet kazali\u0161tu, predstava \\\"Nigdje, niotkuda\\\" - Udruga invalida rada Rijeka\",\"isPartOf\":{\"@id\":\"https:\/\/uir-ri.hr\/#website\"},\"primaryImageOfPage\":{\"@id\":\"https:\/\/uir-ri.hr\/?p=1464#primaryimage\"},\"image\":{\"@id\":\"https:\/\/uir-ri.hr\/?p=1464#primaryimage\"},\"thumbnailUrl\":\"https:\/\/uir-ri.hr\/wp-content\/uploads\/2026\/01\/84afccd6-41ae-4cc2-9d42-17bf99eac7ff.jpg\",\"datePublished\":\"2026-01-20T11:59:06+00:00\",\"breadcrumb\":{\"@id\":\"https:\/\/uir-ri.hr\/?p=1464#breadcrumb\"},\"inLanguage\":\"hr\",\"potentialAction\":[{\"@type\":\"ReadAction\",\"target\":[\"https:\/\/uir-ri.hr\/?p=1464\"]}]},{\"@type\":\"ImageObject\",\"inLanguage\":\"hr\",\"@id\":\"https:\/\/uir-ri.hr\/?p=1464#primaryimage\",\"url\":\"https:\/\/uir-ri.hr\/wp-content\/uploads\/2026\/01\/84afccd6-41ae-4cc2-9d42-17bf99eac7ff.jpg\",\"contentUrl\":\"https:\/\/uir-ri.hr\/wp-content\/uploads\/2026\/01\/84afccd6-41ae-4cc2-9d42-17bf99eac7ff.jpg\",\"width\":2048,\"height\":1560},{\"@type\":\"BreadcrumbList\",\"@id\":\"https:\/\/uir-ri.hr\/?p=1464#breadcrumb\",\"itemListElement\":[{\"@type\":\"ListItem\",\"position\":1,\"name\":\"Po\u010detna stranica\",\"item\":\"https:\/\/uir-ri.hr\/\"},{\"@type\":\"ListItem\",\"position\":2,\"name\":\"Posjet kazali\u0161tu, predstava &#8220;Nigdje, niotkuda&#8221;\"}]},{\"@type\":\"WebSite\",\"@id\":\"https:\/\/uir-ri.hr\/#website\",\"url\":\"https:\/\/uir-ri.hr\/\",\"name\":\"Udruga invalida rada Rijeka\",\"description\":\"Slu\u017ebene stranice\",\"publisher\":{\"@id\":\"https:\/\/uir-ri.hr\/#organization\"},\"potentialAction\":[{\"@type\":\"SearchAction\",\"target\":{\"@type\":\"EntryPoint\",\"urlTemplate\":\"https:\/\/uir-ri.hr\/?s={search_term_string}\"},\"query-input\":{\"@type\":\"PropertyValueSpecification\",\"valueRequired\":true,\"valueName\":\"search_term_string\"}}],\"inLanguage\":\"hr\"},{\"@type\":\"Organization\",\"@id\":\"https:\/\/uir-ri.hr\/#organization\",\"name\":\"UDRUGA INVALIDA RADA RIJEKA\",\"url\":\"https:\/\/uir-ri.hr\/\",\"logo\":{\"@type\":\"ImageObject\",\"inLanguage\":\"hr\",\"@id\":\"https:\/\/uir-ri.hr\/#\/schema\/logo\/image\/\",\"url\":\"https:\/\/uir-ri.hr\/wp-content\/uploads\/2017\/04\/n_mi_201653124327.png\",\"contentUrl\":\"https:\/\/uir-ri.hr\/wp-content\/uploads\/2017\/04\/n_mi_201653124327.png\",\"width\":324,\"height\":245,\"caption\":\"UDRUGA INVALIDA RADA RIJEKA\"},\"image\":{\"@id\":\"https:\/\/uir-ri.hr\/#\/schema\/logo\/image\/\"}},{\"@type\":\"Person\",\"@id\":\"https:\/\/uir-ri.hr\/#\/schema\/person\/1daea4437933e995bef9aec7c894432e\",\"name\":\"uir\",\"image\":{\"@type\":\"ImageObject\",\"inLanguage\":\"hr\",\"@id\":\"https:\/\/uir-ri.hr\/#\/schema\/person\/image\/\",\"url\":\"https:\/\/secure.gravatar.com\/avatar\/e6b1386950a1f5c1ce514e850bec9a3dda744ae1bb85599e1e931622fadc699b?s=96&d=mm&r=g\",\"contentUrl\":\"https:\/\/secure.gravatar.com\/avatar\/e6b1386950a1f5c1ce514e850bec9a3dda744ae1bb85599e1e931622fadc699b?s=96&d=mm&r=g\",\"caption\":\"uir\"}}]}<\/script>\n<!-- \/ Yoast SEO plugin. -->","yoast_head_json":{"title":"Posjet kazali\u0161tu, predstava \"Nigdje, niotkuda\" - Udruga invalida rada Rijeka","robots":{"index":"index","follow":"follow","max-snippet":"max-snippet:-1","max-image-preview":"max-image-preview:large","max-video-preview":"max-video-preview:-1"},"canonical":"https:\/\/uir-ri.hr\/?p=1464","og_locale":"hr_HR","og_type":"article","og_title":"Posjet kazali\u0161tu, predstava \"Nigdje, niotkuda\" - Udruga invalida rada Rijeka","og_description":"I u novoj 2026. god. Udruga invalida rada Rijeka nastavlja s kulturnim sadr\u017eajima te smo za na\u0161e \u010dlanove 19. sije\u010dnja organizirali zajedni\u010dki posjet kazali\u0161tu Ivana pl. Zajca na \u010dijim smo scenskim daskama odgledali predstavu&#46;&#46;&#46;","og_url":"https:\/\/uir-ri.hr\/?p=1464","og_site_name":"Udruga invalida rada Rijeka","article_published_time":"2026-01-20T11:59:06+00:00","og_image":[{"width":2048,"height":1560,"url":"https:\/\/uir-ri.hr\/wp-content\/uploads\/2026\/01\/84afccd6-41ae-4cc2-9d42-17bf99eac7ff.jpg","type":"image\/jpeg"}],"author":"uir","twitter_card":"summary_large_image","twitter_misc":{"Napisao\/la":"uir","Procijenjeno vrijeme \u010ditanja":"2 minute"},"schema":{"@context":"https:\/\/schema.org","@graph":[{"@type":"Article","@id":"https:\/\/uir-ri.hr\/?p=1464#article","isPartOf":{"@id":"https:\/\/uir-ri.hr\/?p=1464"},"author":{"name":"uir","@id":"https:\/\/uir-ri.hr\/#\/schema\/person\/1daea4437933e995bef9aec7c894432e"},"headline":"Posjet kazali\u0161tu, predstava &#8220;Nigdje, niotkuda&#8221;","datePublished":"2026-01-20T11:59:06+00:00","mainEntityOfPage":{"@id":"https:\/\/uir-ri.hr\/?p=1464"},"wordCount":206,"publisher":{"@id":"https:\/\/uir-ri.hr\/#organization"},"image":{"@id":"https:\/\/uir-ri.hr\/?p=1464#primaryimage"},"thumbnailUrl":"https:\/\/uir-ri.hr\/wp-content\/uploads\/2026\/01\/84afccd6-41ae-4cc2-9d42-17bf99eac7ff.jpg","articleSection":["Vijesti"],"inLanguage":"hr"},{"@type":"WebPage","@id":"https:\/\/uir-ri.hr\/?p=1464","url":"https:\/\/uir-ri.hr\/?p=1464","name":"Posjet kazali\u0161tu, predstava \"Nigdje, niotkuda\" - Udruga invalida rada Rijeka","isPartOf":{"@id":"https:\/\/uir-ri.hr\/#website"},"primaryImageOfPage":{"@id":"https:\/\/uir-ri.hr\/?p=1464#primaryimage"},"image":{"@id":"https:\/\/uir-ri.hr\/?p=1464#primaryimage"},"thumbnailUrl":"https:\/\/uir-ri.hr\/wp-content\/uploads\/2026\/01\/84afccd6-41ae-4cc2-9d42-17bf99eac7ff.jpg","datePublished":"2026-01-20T11:59:06+00:00","breadcrumb":{"@id":"https:\/\/uir-ri.hr\/?p=1464#breadcrumb"},"inLanguage":"hr","potentialAction":[{"@type":"ReadAction","target":["https:\/\/uir-ri.hr\/?p=1464"]}]},{"@type":"ImageObject","inLanguage":"hr","@id":"https:\/\/uir-ri.hr\/?p=1464#primaryimage","url":"https:\/\/uir-ri.hr\/wp-content\/uploads\/2026\/01\/84afccd6-41ae-4cc2-9d42-17bf99eac7ff.jpg","contentUrl":"https:\/\/uir-ri.hr\/wp-content\/uploads\/2026\/01\/84afccd6-41ae-4cc2-9d42-17bf99eac7ff.jpg","width":2048,"height":1560},{"@type":"BreadcrumbList","@id":"https:\/\/uir-ri.hr\/?p=1464#breadcrumb","itemListElement":[{"@type":"ListItem","position":1,"name":"Po\u010detna stranica","item":"https:\/\/uir-ri.hr\/"},{"@type":"ListItem","position":2,"name":"Posjet kazali\u0161tu, predstava &#8220;Nigdje, niotkuda&#8221;"}]},{"@type":"WebSite","@id":"https:\/\/uir-ri.hr\/#website","url":"https:\/\/uir-ri.hr\/","name":"Udruga invalida rada Rijeka","description":"Slu\u017ebene stranice","publisher":{"@id":"https:\/\/uir-ri.hr\/#organization"},"potentialAction":[{"@type":"SearchAction","target":{"@type":"EntryPoint","urlTemplate":"https:\/\/uir-ri.hr\/?s={search_term_string}"},"query-input":{"@type":"PropertyValueSpecification","valueRequired":true,"valueName":"search_term_string"}}],"inLanguage":"hr"},{"@type":"Organization","@id":"https:\/\/uir-ri.hr\/#organization","name":"UDRUGA INVALIDA RADA RIJEKA","url":"https:\/\/uir-ri.hr\/","logo":{"@type":"ImageObject","inLanguage":"hr","@id":"https:\/\/uir-ri.hr\/#\/schema\/logo\/image\/","url":"https:\/\/uir-ri.hr\/wp-content\/uploads\/2017\/04\/n_mi_201653124327.png","contentUrl":"https:\/\/uir-ri.hr\/wp-content\/uploads\/2017\/04\/n_mi_201653124327.png","width":324,"height":245,"caption":"UDRUGA INVALIDA RADA RIJEKA"},"image":{"@id":"https:\/\/uir-ri.hr\/#\/schema\/logo\/image\/"}},{"@type":"Person","@id":"https:\/\/uir-ri.hr\/#\/schema\/person\/1daea4437933e995bef9aec7c894432e","name":"uir","image":{"@type":"ImageObject","inLanguage":"hr","@id":"https:\/\/uir-ri.hr\/#\/schema\/person\/image\/","url":"https:\/\/secure.gravatar.com\/avatar\/e6b1386950a1f5c1ce514e850bec9a3dda744ae1bb85599e1e931622fadc699b?s=96&d=mm&r=g","contentUrl":"https:\/\/secure.gravatar.com\/avatar\/e6b1386950a1f5c1ce514e850bec9a3dda744ae1bb85599e1e931622fadc699b?s=96&d=mm&r=g","caption":"uir"}}]}},"_links":{"self":[{"href":"https:\/\/uir-ri.hr\/index.php?rest_route=\/wp\/v2\/posts\/1464","targetHints":{"allow":["GET"]}}],"collection":[{"href":"https:\/\/uir-ri.hr\/index.php?rest_route=\/wp\/v2\/posts"}],"about":[{"href":"https:\/\/uir-ri.hr\/index.php?rest_route=\/wp\/v2\/types\/post"}],"author":[{"embeddable":true,"href":"https:\/\/uir-ri.hr\/index.php?rest_route=\/wp\/v2\/users\/2"}],"replies":[{"embeddable":true,"href":"https:\/\/uir-ri.hr\/index.php?rest_route=%2Fwp%2Fv2%2Fcomments&post=1464"}],"version-history":[{"count":1,"href":"https:\/\/uir-ri.hr\/index.php?rest_route=\/wp\/v2\/posts\/1464\/revisions"}],"predecessor-version":[{"id":1466,"href":"https:\/\/uir-ri.hr\/index.php?rest_route=\/wp\/v2\/posts\/1464\/revisions\/1466"}],"wp:featuredmedia":[{"embeddable":true,"href":"https:\/\/uir-ri.hr\/index.php?rest_route=\/wp\/v2\/media\/1465"}],"wp:attachment":[{"href":"https:\/\/uir-ri.hr\/index.php?rest_route=%2Fwp%2Fv2%2Fmedia&parent=1464"}],"wp:term":[{"taxonomy":"category","embeddable":true,"href":"https:\/\/uir-ri.hr\/index.php?rest_route=%2Fwp%2Fv2%2Fcategories&post=1464"},{"taxonomy":"post_tag","embeddable":true,"href":"https:\/\/uir-ri.hr\/index.php?rest_route=%2Fwp%2Fv2%2Ftags&post=1464"}],"curies":[{"name":"wp","href":"https:\/\/api.w.org\/{rel}","templated":true}]}}