{"id":1528,"date":"2026-03-10T13:11:56","date_gmt":"2026-03-10T12:11:56","guid":{"rendered":"https:\/\/uir-ri.hr\/?p=1528"},"modified":"2026-03-10T13:11:56","modified_gmt":"2026-03-10T12:11:56","slug":"odrzana-radionica-fuzije-stakla-u-suradnji-s-gradevinskom-tehnickom-skolom-rijeka","status":"publish","type":"post","link":"https:\/\/uir-ri.hr\/?p=1528","title":{"rendered":"Odr\u017eana radionica fuzije stakla u suradnji s Gra\u0111evinskom tehni\u010dkom \u0161kolom Rijeka"},"content":{"rendered":"<p class=\"ds-markdown-paragraph\">Na\u0161a udruga je 10. o\u017eujka 2026. godine, u svojim prostorijama, organizirala kreativnu radionicu fuzije stakla u suradnji s Gra\u0111evinskom tehni\u010dkom \u0161kolom Rijeka. Radionica je okupila \u010dlanice udruge i profesore \u0161kole s ciljem razvoja kreativnih vje\u0161tina i upoznavanja s tehnikom oblikovanja i fuzije stakla.<\/p>\n<p class=\"ds-markdown-paragraph\">Stru\u010dno vodstvo radionice povjereno je Ton\u010diju Perani\u0107u, mag. art., akademskom slikaru, i Branki Merlacchi, prof. lik. kult., profesorici likovne kulture u Gra\u0111evinskoj tehni\u010dkoj \u0161koli Rijeka. Njihovo je vodstvo polaznicama omogu\u0107ilo stjecanje novih znanja i vje\u0161tina u tehnici fuzije stakla, spajanju staklenih slojeva na visokim temperaturama, \u010dime nastaju unikatni ukrasni i uporabni predmeti.Pod mentorstvom profesora Perani\u0107a i profesorice Merlacchi, \u010dlanice udruge izra\u0111ivale su ru\u010dno ra\u0111eni nakit od stakla. Svaka je polaznica osmislila vlastiti dizajn te uz pomo\u0107 voditelja savladala osnove rezanja, slaganja i oblikovanja stakla.<\/p>\n<p class=\"ds-markdown-paragraph\">Radionica je protekle u iznimno kreativnom i poticajnom ozra\u010dju, a posebno nam je zadovoljstvo istaknuti uspje\u0161nu suradnju s Gra\u0111evinskom tehni\u010dkom \u0161kolom Rijeka.<\/p>\n<p class=\"ds-markdown-paragraph\">Ovakve aktivnosti doprinose ispunjavanju misije udruge, poticanju cjelo\u017eivotnog u\u010denja, kreativnog izri\u010daja te povezivanja s lokalnom zajednicom i obrazovnim institucijama.<\/p>\n<p class=\"ds-markdown-paragraph\">Zahvaljujemo Ton\u010diju Perani\u0107u, mag. art., i Branki Merlacchi, prof. lik. kult., iz Gra\u0111evinske tehni\u010dke \u0161kole Rijeka na stru\u010dnom vodstvu, strpljenju i ugodnom dru\u017eenju te se veselimo budu\u0107im zajedni\u010dkim projektima.<\/p>\n<p><img loading=\"lazy\" decoding=\"async\" class=\"alignnone size-medium wp-image-1529\" src=\"https:\/\/uir-ri.hr\/wp-content\/uploads\/2026\/03\/1213e8eb-97f8-480b-b388-b8504855edef-225x300.jpg\" alt=\"\" width=\"225\" height=\"300\" srcset=\"https:\/\/uir-ri.hr\/wp-content\/uploads\/2026\/03\/1213e8eb-97f8-480b-b388-b8504855edef-225x300.jpg 225w, https:\/\/uir-ri.hr\/wp-content\/uploads\/2026\/03\/1213e8eb-97f8-480b-b388-b8504855edef-768x1024.jpg 768w, https:\/\/uir-ri.hr\/wp-content\/uploads\/2026\/03\/1213e8eb-97f8-480b-b388-b8504855edef-1152x1536.jpg 1152w, https:\/\/uir-ri.hr\/wp-content\/uploads\/2026\/03\/1213e8eb-97f8-480b-b388-b8504855edef.jpg 1350w\" sizes=\"auto, (max-width: 225px) 100vw, 225px\" \/> <img loading=\"lazy\" decoding=\"async\" class=\"alignnone size-medium wp-image-1530\" src=\"https:\/\/uir-ri.hr\/wp-content\/uploads\/2026\/03\/e571b9bd-5e38-4b33-a198-750ffe7f9820-225x300.jpg\" alt=\"\" width=\"225\" height=\"300\" srcset=\"https:\/\/uir-ri.hr\/wp-content\/uploads\/2026\/03\/e571b9bd-5e38-4b33-a198-750ffe7f9820-225x300.jpg 225w, https:\/\/uir-ri.hr\/wp-content\/uploads\/2026\/03\/e571b9bd-5e38-4b33-a198-750ffe7f9820-768x1024.jpg 768w, https:\/\/uir-ri.hr\/wp-content\/uploads\/2026\/03\/e571b9bd-5e38-4b33-a198-750ffe7f9820-1152x1536.jpg 1152w, https:\/\/uir-ri.hr\/wp-content\/uploads\/2026\/03\/e571b9bd-5e38-4b33-a198-750ffe7f9820.jpg 1536w\" sizes=\"auto, (max-width: 225px) 100vw, 225px\" \/> <img loading=\"lazy\" decoding=\"async\" class=\"alignnone size-medium wp-image-1531\" src=\"https:\/\/uir-ri.hr\/wp-content\/uploads\/2026\/03\/21a2aa6b-fdbc-4ed1-8c4c-bf7b955cfc50-300x272.jpg\" alt=\"\" width=\"300\" height=\"272\" srcset=\"https:\/\/uir-ri.hr\/wp-content\/uploads\/2026\/03\/21a2aa6b-fdbc-4ed1-8c4c-bf7b955cfc50-300x272.jpg 300w, https:\/\/uir-ri.hr\/wp-content\/uploads\/2026\/03\/21a2aa6b-fdbc-4ed1-8c4c-bf7b955cfc50-1024x929.jpg 1024w, https:\/\/uir-ri.hr\/wp-content\/uploads\/2026\/03\/21a2aa6b-fdbc-4ed1-8c4c-bf7b955cfc50-768x697.jpg 768w, https:\/\/uir-ri.hr\/wp-content\/uploads\/2026\/03\/21a2aa6b-fdbc-4ed1-8c4c-bf7b955cfc50-1536x1394.jpg 1536w, https:\/\/uir-ri.hr\/wp-content\/uploads\/2026\/03\/21a2aa6b-fdbc-4ed1-8c4c-bf7b955cfc50.jpg 2048w\" sizes=\"auto, (max-width: 300px) 100vw, 300px\" \/> <img loading=\"lazy\" decoding=\"async\" class=\"alignnone size-medium wp-image-1532\" src=\"https:\/\/uir-ri.hr\/wp-content\/uploads\/2026\/03\/87eeaffb-b02a-44af-949e-4bc25e225e79-300x225.jpg\" alt=\"\" width=\"300\" height=\"225\" srcset=\"https:\/\/uir-ri.hr\/wp-content\/uploads\/2026\/03\/87eeaffb-b02a-44af-949e-4bc25e225e79-300x225.jpg 300w, https:\/\/uir-ri.hr\/wp-content\/uploads\/2026\/03\/87eeaffb-b02a-44af-949e-4bc25e225e79-1024x768.jpg 1024w, https:\/\/uir-ri.hr\/wp-content\/uploads\/2026\/03\/87eeaffb-b02a-44af-949e-4bc25e225e79-768x576.jpg 768w, https:\/\/uir-ri.hr\/wp-content\/uploads\/2026\/03\/87eeaffb-b02a-44af-949e-4bc25e225e79-1536x1152.jpg 1536w, https:\/\/uir-ri.hr\/wp-content\/uploads\/2026\/03\/87eeaffb-b02a-44af-949e-4bc25e225e79.jpg 1800w\" sizes=\"auto, (max-width: 300px) 100vw, 300px\" \/> <img loading=\"lazy\" decoding=\"async\" class=\"alignnone size-medium wp-image-1533\" src=\"https:\/\/uir-ri.hr\/wp-content\/uploads\/2026\/03\/3d94cc30-112b-44ab-89ac-d743edb49570-225x300.jpg\" alt=\"\" width=\"225\" height=\"300\" srcset=\"https:\/\/uir-ri.hr\/wp-content\/uploads\/2026\/03\/3d94cc30-112b-44ab-89ac-d743edb49570-225x300.jpg 225w, https:\/\/uir-ri.hr\/wp-content\/uploads\/2026\/03\/3d94cc30-112b-44ab-89ac-d743edb49570-768x1024.jpg 768w, https:\/\/uir-ri.hr\/wp-content\/uploads\/2026\/03\/3d94cc30-112b-44ab-89ac-d743edb49570-1152x1536.jpg 1152w, https:\/\/uir-ri.hr\/wp-content\/uploads\/2026\/03\/3d94cc30-112b-44ab-89ac-d743edb49570.jpg 1536w\" sizes=\"auto, (max-width: 225px) 100vw, 225px\" \/> <img loading=\"lazy\" decoding=\"async\" class=\"alignnone size-medium wp-image-1534\" src=\"https:\/\/uir-ri.hr\/wp-content\/uploads\/2026\/03\/7573eed0-2e11-4c68-b986-6ee704f6c124-300x225.jpg\" alt=\"\" width=\"300\" height=\"225\" srcset=\"https:\/\/uir-ri.hr\/wp-content\/uploads\/2026\/03\/7573eed0-2e11-4c68-b986-6ee704f6c124-300x225.jpg 300w, https:\/\/uir-ri.hr\/wp-content\/uploads\/2026\/03\/7573eed0-2e11-4c68-b986-6ee704f6c124-1024x768.jpg 1024w, https:\/\/uir-ri.hr\/wp-content\/uploads\/2026\/03\/7573eed0-2e11-4c68-b986-6ee704f6c124-768x576.jpg 768w, https:\/\/uir-ri.hr\/wp-content\/uploads\/2026\/03\/7573eed0-2e11-4c68-b986-6ee704f6c124-1536x1152.jpg 1536w, https:\/\/uir-ri.hr\/wp-content\/uploads\/2026\/03\/7573eed0-2e11-4c68-b986-6ee704f6c124.jpg 2048w\" sizes=\"auto, (max-width: 300px) 100vw, 300px\" \/> <img loading=\"lazy\" decoding=\"async\" class=\"alignnone size-medium wp-image-1535\" src=\"https:\/\/uir-ri.hr\/wp-content\/uploads\/2026\/03\/eb0661cb-a04f-4ae1-b938-db50218eae90-300x225.jpg\" alt=\"\" width=\"300\" height=\"225\" srcset=\"https:\/\/uir-ri.hr\/wp-content\/uploads\/2026\/03\/eb0661cb-a04f-4ae1-b938-db50218eae90-300x225.jpg 300w, https:\/\/uir-ri.hr\/wp-content\/uploads\/2026\/03\/eb0661cb-a04f-4ae1-b938-db50218eae90-1024x768.jpg 1024w, https:\/\/uir-ri.hr\/wp-content\/uploads\/2026\/03\/eb0661cb-a04f-4ae1-b938-db50218eae90-768x576.jpg 768w, https:\/\/uir-ri.hr\/wp-content\/uploads\/2026\/03\/eb0661cb-a04f-4ae1-b938-db50218eae90-1536x1152.jpg 1536w, https:\/\/uir-ri.hr\/wp-content\/uploads\/2026\/03\/eb0661cb-a04f-4ae1-b938-db50218eae90.jpg 2048w\" sizes=\"auto, (max-width: 300px) 100vw, 300px\" \/><\/p>\n","protected":false},"excerpt":{"rendered":"<p>Na\u0161a udruga je 10. o\u017eujka 2026. godine, u svojim prostorijama, organizirala kreativnu radionicu fuzije stakla u suradnji s Gra\u0111evinskom tehni\u010dkom \u0161kolom Rijeka. Radionica je okupila \u010dlanice udruge i profesore \u0161kole s ciljem razvoja kreativnih&#46;&#46;&#46;<\/p>\n","protected":false},"author":2,"featured_media":1535,"comment_status":"closed","ping_status":"closed","sticky":false,"template":"","format":"standard","meta":{"footnotes":""},"categories":[1],"tags":[],"class_list":["post-1528","post","type-post","status-publish","format-standard","has-post-thumbnail","hentry","category-vijesti"],"yoast_head":"<!-- This site is optimized with the Yoast SEO plugin v25.0 - https:\/\/yoast.com\/wordpress\/plugins\/seo\/ -->\n<title>Odr\u017eana radionica fuzije stakla u suradnji s Gra\u0111evinskom tehni\u010dkom \u0161kolom Rijeka - Udruga invalida rada Rijeka<\/title>\n<meta name=\"robots\" content=\"index, follow, max-snippet:-1, max-image-preview:large, max-video-preview:-1\" \/>\n<link rel=\"canonical\" href=\"https:\/\/uir-ri.hr\/?p=1528\" \/>\n<meta property=\"og:locale\" content=\"hr_HR\" \/>\n<meta property=\"og:type\" content=\"article\" \/>\n<meta property=\"og:title\" content=\"Odr\u017eana radionica fuzije stakla u suradnji s Gra\u0111evinskom tehni\u010dkom \u0161kolom Rijeka - Udruga invalida rada Rijeka\" \/>\n<meta property=\"og:description\" content=\"Na\u0161a udruga je 10. o\u017eujka 2026. godine, u svojim prostorijama, organizirala kreativnu radionicu fuzije stakla u suradnji s Gra\u0111evinskom tehni\u010dkom \u0161kolom Rijeka. Radionica je okupila \u010dlanice udruge i profesore \u0161kole s ciljem razvoja kreativnih&#046;&#046;&#046;\" \/>\n<meta property=\"og:url\" content=\"https:\/\/uir-ri.hr\/?p=1528\" \/>\n<meta property=\"og:site_name\" content=\"Udruga invalida rada Rijeka\" \/>\n<meta property=\"article:published_time\" content=\"2026-03-10T12:11:56+00:00\" \/>\n<meta property=\"og:image\" content=\"https:\/\/uir-ri.hr\/wp-content\/uploads\/2026\/03\/eb0661cb-a04f-4ae1-b938-db50218eae90.jpg\" \/>\n\t<meta property=\"og:image:width\" content=\"2048\" \/>\n\t<meta property=\"og:image:height\" content=\"1536\" \/>\n\t<meta property=\"og:image:type\" content=\"image\/jpeg\" \/>\n<meta name=\"author\" content=\"uir\" \/>\n<meta name=\"twitter:card\" content=\"summary_large_image\" \/>\n<meta name=\"twitter:label1\" content=\"Napisao\/la\" \/>\n\t<meta name=\"twitter:data1\" content=\"uir\" \/>\n\t<meta name=\"twitter:label2\" content=\"Procijenjeno vrijeme \u010ditanja\" \/>\n\t<meta name=\"twitter:data2\" content=\"2 minute\" \/>\n<script type=\"application\/ld+json\" class=\"yoast-schema-graph\">{\"@context\":\"https:\/\/schema.org\",\"@graph\":[{\"@type\":\"Article\",\"@id\":\"https:\/\/uir-ri.hr\/?p=1528#article\",\"isPartOf\":{\"@id\":\"https:\/\/uir-ri.hr\/?p=1528\"},\"author\":{\"name\":\"uir\",\"@id\":\"https:\/\/uir-ri.hr\/#\/schema\/person\/1daea4437933e995bef9aec7c894432e\"},\"headline\":\"Odr\u017eana radionica fuzije stakla u suradnji s Gra\u0111evinskom tehni\u010dkom \u0161kolom Rijeka\",\"datePublished\":\"2026-03-10T12:11:56+00:00\",\"mainEntityOfPage\":{\"@id\":\"https:\/\/uir-ri.hr\/?p=1528\"},\"wordCount\":241,\"publisher\":{\"@id\":\"https:\/\/uir-ri.hr\/#organization\"},\"image\":{\"@id\":\"https:\/\/uir-ri.hr\/?p=1528#primaryimage\"},\"thumbnailUrl\":\"https:\/\/uir-ri.hr\/wp-content\/uploads\/2026\/03\/eb0661cb-a04f-4ae1-b938-db50218eae90.jpg\",\"articleSection\":[\"Vijesti\"],\"inLanguage\":\"hr\"},{\"@type\":\"WebPage\",\"@id\":\"https:\/\/uir-ri.hr\/?p=1528\",\"url\":\"https:\/\/uir-ri.hr\/?p=1528\",\"name\":\"Odr\u017eana radionica fuzije stakla u suradnji s Gra\u0111evinskom tehni\u010dkom \u0161kolom Rijeka - Udruga invalida rada Rijeka\",\"isPartOf\":{\"@id\":\"https:\/\/uir-ri.hr\/#website\"},\"primaryImageOfPage\":{\"@id\":\"https:\/\/uir-ri.hr\/?p=1528#primaryimage\"},\"image\":{\"@id\":\"https:\/\/uir-ri.hr\/?p=1528#primaryimage\"},\"thumbnailUrl\":\"https:\/\/uir-ri.hr\/wp-content\/uploads\/2026\/03\/eb0661cb-a04f-4ae1-b938-db50218eae90.jpg\",\"datePublished\":\"2026-03-10T12:11:56+00:00\",\"breadcrumb\":{\"@id\":\"https:\/\/uir-ri.hr\/?p=1528#breadcrumb\"},\"inLanguage\":\"hr\",\"potentialAction\":[{\"@type\":\"ReadAction\",\"target\":[\"https:\/\/uir-ri.hr\/?p=1528\"]}]},{\"@type\":\"ImageObject\",\"inLanguage\":\"hr\",\"@id\":\"https:\/\/uir-ri.hr\/?p=1528#primaryimage\",\"url\":\"https:\/\/uir-ri.hr\/wp-content\/uploads\/2026\/03\/eb0661cb-a04f-4ae1-b938-db50218eae90.jpg\",\"contentUrl\":\"https:\/\/uir-ri.hr\/wp-content\/uploads\/2026\/03\/eb0661cb-a04f-4ae1-b938-db50218eae90.jpg\",\"width\":2048,\"height\":1536},{\"@type\":\"BreadcrumbList\",\"@id\":\"https:\/\/uir-ri.hr\/?p=1528#breadcrumb\",\"itemListElement\":[{\"@type\":\"ListItem\",\"position\":1,\"name\":\"Po\u010detna stranica\",\"item\":\"https:\/\/uir-ri.hr\/\"},{\"@type\":\"ListItem\",\"position\":2,\"name\":\"Odr\u017eana radionica fuzije stakla u suradnji s Gra\u0111evinskom tehni\u010dkom \u0161kolom Rijeka\"}]},{\"@type\":\"WebSite\",\"@id\":\"https:\/\/uir-ri.hr\/#website\",\"url\":\"https:\/\/uir-ri.hr\/\",\"name\":\"Udruga invalida rada Rijeka\",\"description\":\"Slu\u017ebene stranice\",\"publisher\":{\"@id\":\"https:\/\/uir-ri.hr\/#organization\"},\"potentialAction\":[{\"@type\":\"SearchAction\",\"target\":{\"@type\":\"EntryPoint\",\"urlTemplate\":\"https:\/\/uir-ri.hr\/?s={search_term_string}\"},\"query-input\":{\"@type\":\"PropertyValueSpecification\",\"valueRequired\":true,\"valueName\":\"search_term_string\"}}],\"inLanguage\":\"hr\"},{\"@type\":\"Organization\",\"@id\":\"https:\/\/uir-ri.hr\/#organization\",\"name\":\"UDRUGA INVALIDA RADA RIJEKA\",\"url\":\"https:\/\/uir-ri.hr\/\",\"logo\":{\"@type\":\"ImageObject\",\"inLanguage\":\"hr\",\"@id\":\"https:\/\/uir-ri.hr\/#\/schema\/logo\/image\/\",\"url\":\"https:\/\/uir-ri.hr\/wp-content\/uploads\/2017\/04\/n_mi_201653124327.png\",\"contentUrl\":\"https:\/\/uir-ri.hr\/wp-content\/uploads\/2017\/04\/n_mi_201653124327.png\",\"width\":324,\"height\":245,\"caption\":\"UDRUGA INVALIDA RADA RIJEKA\"},\"image\":{\"@id\":\"https:\/\/uir-ri.hr\/#\/schema\/logo\/image\/\"}},{\"@type\":\"Person\",\"@id\":\"https:\/\/uir-ri.hr\/#\/schema\/person\/1daea4437933e995bef9aec7c894432e\",\"name\":\"uir\",\"image\":{\"@type\":\"ImageObject\",\"inLanguage\":\"hr\",\"@id\":\"https:\/\/uir-ri.hr\/#\/schema\/person\/image\/\",\"url\":\"https:\/\/secure.gravatar.com\/avatar\/e6b1386950a1f5c1ce514e850bec9a3dda744ae1bb85599e1e931622fadc699b?s=96&d=mm&r=g\",\"contentUrl\":\"https:\/\/secure.gravatar.com\/avatar\/e6b1386950a1f5c1ce514e850bec9a3dda744ae1bb85599e1e931622fadc699b?s=96&d=mm&r=g\",\"caption\":\"uir\"}}]}<\/script>\n<!-- \/ Yoast SEO plugin. -->","yoast_head_json":{"title":"Odr\u017eana radionica fuzije stakla u suradnji s Gra\u0111evinskom tehni\u010dkom \u0161kolom Rijeka - Udruga invalida rada Rijeka","robots":{"index":"index","follow":"follow","max-snippet":"max-snippet:-1","max-image-preview":"max-image-preview:large","max-video-preview":"max-video-preview:-1"},"canonical":"https:\/\/uir-ri.hr\/?p=1528","og_locale":"hr_HR","og_type":"article","og_title":"Odr\u017eana radionica fuzije stakla u suradnji s Gra\u0111evinskom tehni\u010dkom \u0161kolom Rijeka - Udruga invalida rada Rijeka","og_description":"Na\u0161a udruga je 10. o\u017eujka 2026. godine, u svojim prostorijama, organizirala kreativnu radionicu fuzije stakla u suradnji s Gra\u0111evinskom tehni\u010dkom \u0161kolom Rijeka. Radionica je okupila \u010dlanice udruge i profesore \u0161kole s ciljem razvoja kreativnih&#46;&#46;&#46;","og_url":"https:\/\/uir-ri.hr\/?p=1528","og_site_name":"Udruga invalida rada Rijeka","article_published_time":"2026-03-10T12:11:56+00:00","og_image":[{"width":2048,"height":1536,"url":"https:\/\/uir-ri.hr\/wp-content\/uploads\/2026\/03\/eb0661cb-a04f-4ae1-b938-db50218eae90.jpg","type":"image\/jpeg"}],"author":"uir","twitter_card":"summary_large_image","twitter_misc":{"Napisao\/la":"uir","Procijenjeno vrijeme \u010ditanja":"2 minute"},"schema":{"@context":"https:\/\/schema.org","@graph":[{"@type":"Article","@id":"https:\/\/uir-ri.hr\/?p=1528#article","isPartOf":{"@id":"https:\/\/uir-ri.hr\/?p=1528"},"author":{"name":"uir","@id":"https:\/\/uir-ri.hr\/#\/schema\/person\/1daea4437933e995bef9aec7c894432e"},"headline":"Odr\u017eana radionica fuzije stakla u suradnji s Gra\u0111evinskom tehni\u010dkom \u0161kolom Rijeka","datePublished":"2026-03-10T12:11:56+00:00","mainEntityOfPage":{"@id":"https:\/\/uir-ri.hr\/?p=1528"},"wordCount":241,"publisher":{"@id":"https:\/\/uir-ri.hr\/#organization"},"image":{"@id":"https:\/\/uir-ri.hr\/?p=1528#primaryimage"},"thumbnailUrl":"https:\/\/uir-ri.hr\/wp-content\/uploads\/2026\/03\/eb0661cb-a04f-4ae1-b938-db50218eae90.jpg","articleSection":["Vijesti"],"inLanguage":"hr"},{"@type":"WebPage","@id":"https:\/\/uir-ri.hr\/?p=1528","url":"https:\/\/uir-ri.hr\/?p=1528","name":"Odr\u017eana radionica fuzije stakla u suradnji s Gra\u0111evinskom tehni\u010dkom \u0161kolom Rijeka - Udruga invalida rada Rijeka","isPartOf":{"@id":"https:\/\/uir-ri.hr\/#website"},"primaryImageOfPage":{"@id":"https:\/\/uir-ri.hr\/?p=1528#primaryimage"},"image":{"@id":"https:\/\/uir-ri.hr\/?p=1528#primaryimage"},"thumbnailUrl":"https:\/\/uir-ri.hr\/wp-content\/uploads\/2026\/03\/eb0661cb-a04f-4ae1-b938-db50218eae90.jpg","datePublished":"2026-03-10T12:11:56+00:00","breadcrumb":{"@id":"https:\/\/uir-ri.hr\/?p=1528#breadcrumb"},"inLanguage":"hr","potentialAction":[{"@type":"ReadAction","target":["https:\/\/uir-ri.hr\/?p=1528"]}]},{"@type":"ImageObject","inLanguage":"hr","@id":"https:\/\/uir-ri.hr\/?p=1528#primaryimage","url":"https:\/\/uir-ri.hr\/wp-content\/uploads\/2026\/03\/eb0661cb-a04f-4ae1-b938-db50218eae90.jpg","contentUrl":"https:\/\/uir-ri.hr\/wp-content\/uploads\/2026\/03\/eb0661cb-a04f-4ae1-b938-db50218eae90.jpg","width":2048,"height":1536},{"@type":"BreadcrumbList","@id":"https:\/\/uir-ri.hr\/?p=1528#breadcrumb","itemListElement":[{"@type":"ListItem","position":1,"name":"Po\u010detna stranica","item":"https:\/\/uir-ri.hr\/"},{"@type":"ListItem","position":2,"name":"Odr\u017eana radionica fuzije stakla u suradnji s Gra\u0111evinskom tehni\u010dkom \u0161kolom Rijeka"}]},{"@type":"WebSite","@id":"https:\/\/uir-ri.hr\/#website","url":"https:\/\/uir-ri.hr\/","name":"Udruga invalida rada Rijeka","description":"Slu\u017ebene stranice","publisher":{"@id":"https:\/\/uir-ri.hr\/#organization"},"potentialAction":[{"@type":"SearchAction","target":{"@type":"EntryPoint","urlTemplate":"https:\/\/uir-ri.hr\/?s={search_term_string}"},"query-input":{"@type":"PropertyValueSpecification","valueRequired":true,"valueName":"search_term_string"}}],"inLanguage":"hr"},{"@type":"Organization","@id":"https:\/\/uir-ri.hr\/#organization","name":"UDRUGA INVALIDA RADA RIJEKA","url":"https:\/\/uir-ri.hr\/","logo":{"@type":"ImageObject","inLanguage":"hr","@id":"https:\/\/uir-ri.hr\/#\/schema\/logo\/image\/","url":"https:\/\/uir-ri.hr\/wp-content\/uploads\/2017\/04\/n_mi_201653124327.png","contentUrl":"https:\/\/uir-ri.hr\/wp-content\/uploads\/2017\/04\/n_mi_201653124327.png","width":324,"height":245,"caption":"UDRUGA INVALIDA RADA RIJEKA"},"image":{"@id":"https:\/\/uir-ri.hr\/#\/schema\/logo\/image\/"}},{"@type":"Person","@id":"https:\/\/uir-ri.hr\/#\/schema\/person\/1daea4437933e995bef9aec7c894432e","name":"uir","image":{"@type":"ImageObject","inLanguage":"hr","@id":"https:\/\/uir-ri.hr\/#\/schema\/person\/image\/","url":"https:\/\/secure.gravatar.com\/avatar\/e6b1386950a1f5c1ce514e850bec9a3dda744ae1bb85599e1e931622fadc699b?s=96&d=mm&r=g","contentUrl":"https:\/\/secure.gravatar.com\/avatar\/e6b1386950a1f5c1ce514e850bec9a3dda744ae1bb85599e1e931622fadc699b?s=96&d=mm&r=g","caption":"uir"}}]}},"_links":{"self":[{"href":"https:\/\/uir-ri.hr\/index.php?rest_route=\/wp\/v2\/posts\/1528","targetHints":{"allow":["GET"]}}],"collection":[{"href":"https:\/\/uir-ri.hr\/index.php?rest_route=\/wp\/v2\/posts"}],"about":[{"href":"https:\/\/uir-ri.hr\/index.php?rest_route=\/wp\/v2\/types\/post"}],"author":[{"embeddable":true,"href":"https:\/\/uir-ri.hr\/index.php?rest_route=\/wp\/v2\/users\/2"}],"replies":[{"embeddable":true,"href":"https:\/\/uir-ri.hr\/index.php?rest_route=%2Fwp%2Fv2%2Fcomments&post=1528"}],"version-history":[{"count":1,"href":"https:\/\/uir-ri.hr\/index.php?rest_route=\/wp\/v2\/posts\/1528\/revisions"}],"predecessor-version":[{"id":1536,"href":"https:\/\/uir-ri.hr\/index.php?rest_route=\/wp\/v2\/posts\/1528\/revisions\/1536"}],"wp:featuredmedia":[{"embeddable":true,"href":"https:\/\/uir-ri.hr\/index.php?rest_route=\/wp\/v2\/media\/1535"}],"wp:attachment":[{"href":"https:\/\/uir-ri.hr\/index.php?rest_route=%2Fwp%2Fv2%2Fmedia&parent=1528"}],"wp:term":[{"taxonomy":"category","embeddable":true,"href":"https:\/\/uir-ri.hr\/index.php?rest_route=%2Fwp%2Fv2%2Fcategories&post=1528"},{"taxonomy":"post_tag","embeddable":true,"href":"https:\/\/uir-ri.hr\/index.php?rest_route=%2Fwp%2Fv2%2Ftags&post=1528"}],"curies":[{"name":"wp","href":"https:\/\/api.w.org\/{rel}","templated":true}]}}