{"id":1538,"date":"2026-03-16T11:56:35","date_gmt":"2026-03-16T10:56:35","guid":{"rendered":"https:\/\/uir-ri.hr\/?p=1538"},"modified":"2026-03-16T11:56:35","modified_gmt":"2026-03-16T10:56:35","slug":"sudjelovanje-na-pocetna-konferencija-projekta-nasilju-ne-i-ne5","status":"publish","type":"post","link":"https:\/\/uir-ri.hr\/?p=1538","title":{"rendered":"Sudjelovanje na po\u010detna konferencija projekta \u201eNasilju NE i NE\u20265\u201c"},"content":{"rendered":"<p data-start=\"55\" data-end=\"249\"><span class=\"hover:entity-accent entity-underline inline cursor-pointer align-baseline\"><span class=\"whitespace-normal\">Zajednica saveza osoba s invaliditetom Hrvatske <\/span><\/span>\u00a0<span class=\"BZ_Pyq_fadeIn\">odr\u017eala <\/span><span class=\"BZ_Pyq_fadeIn\">je <\/span><span class=\"BZ_Pyq_fadeIn\">13. <\/span><span class=\"BZ_Pyq_fadeIn\">o\u017eujka <\/span><span class=\"BZ_Pyq_fadeIn\">po\u010detnu <\/span><span class=\"BZ_Pyq_fadeIn\">konferenciju <\/span><span class=\"BZ_Pyq_fadeIn\">projekta <\/span><span class=\"BZ_Pyq_fadeIn\">\u201e<\/span><span class=\"BZ_Pyq_fadeIn\">Nasilju <\/span><span class=\"BZ_Pyq_fadeIn\">NE <\/span><span class=\"BZ_Pyq_fadeIn\">i <\/span><span class=\"BZ_Pyq_fadeIn\">NE\u2026<\/span><span class=\"BZ_Pyq_fadeIn\">5\u201c<\/span><span class=\"BZ_Pyq_fadeIn\">, <\/span><span class=\"BZ_Pyq_fadeIn\">koji <\/span><span class=\"BZ_Pyq_fadeIn\">se <\/span><span class=\"BZ_Pyq_fadeIn\">provodi <\/span><span class=\"BZ_Pyq_fadeIn\">uz <\/span><span class=\"BZ_Pyq_fadeIn\">financijsku <\/span><span class=\"BZ_Pyq_fadeIn\">potporu <\/span><span class=\"hover:entity-accent entity-underline inline cursor-pointer align-baseline\"><span class=\"whitespace-normal\">Ministarstvo rada, mirovinskoga sustava, obitelji i socijalne politike<\/span><\/span><span class=\"BZ_Pyq_fadeIn\">.<\/span><\/p>\n<p data-start=\"251\" data-end=\"462\"><span class=\"BZ_Pyq_fadeIn\">Projekt <\/span><span class=\"BZ_Pyq_fadeIn\">je <\/span><span class=\"BZ_Pyq_fadeIn\">usmjeren <\/span><span class=\"BZ_Pyq_fadeIn\">na <\/span><span class=\"BZ_Pyq_fadeIn\">za\u0161titu, <\/span><span class=\"BZ_Pyq_fadeIn\">osna\u017eivanje <\/span><span class=\"BZ_Pyq_fadeIn\">i <\/span><span class=\"BZ_Pyq_fadeIn\">socijalno <\/span><span class=\"BZ_Pyq_fadeIn\">uklju\u010divanje <\/span><span class=\"BZ_Pyq_fadeIn\">\u017eena <\/span><span class=\"BZ_Pyq_fadeIn\">s <\/span><span class=\"BZ_Pyq_fadeIn\">invaliditetom <\/span><span class=\"BZ_Pyq_fadeIn\">koje <\/span><span class=\"BZ_Pyq_fadeIn\">su <\/span><span class=\"BZ_Pyq_fadeIn\">pre\u017eivjele <\/span><span class=\"BZ_Pyq_fadeIn\">nasilje <\/span><span class=\"BZ_Pyq_fadeIn\">u <\/span><span class=\"BZ_Pyq_fadeIn\">obitelji, <\/span><span class=\"BZ_Pyq_fadeIn\">kroz <\/span><span class=\"BZ_Pyq_fadeIn\">psihosocijalnu <\/span><span class=\"BZ_Pyq_fadeIn\">podr\u0161ku, <\/span><span class=\"BZ_Pyq_fadeIn\">savjetovanje, <\/span><span class=\"BZ_Pyq_fadeIn\">edukacije <\/span><span class=\"BZ_Pyq_fadeIn\">i <\/span><span class=\"BZ_Pyq_fadeIn\">kampanju <\/span><span class=\"BZ_Pyq_fadeIn\">#<\/span><span class=\"BZ_Pyq_fadeIn\">nasiljuNEiNE<\/span><span class=\"BZ_Pyq_fadeIn\">.<\/span><\/p>\n<p data-start=\"464\" data-end=\"690\" data-is-last-node=\"\" data-is-only-node=\"\"><span class=\"BZ_Pyq_fadeIn\">Na <\/span><span class=\"BZ_Pyq_fadeIn\">konferenciji <\/span><span class=\"BZ_Pyq_fadeIn\">je <\/span><span class=\"BZ_Pyq_fadeIn\">sudjelovala <\/span><span class=\"BZ_Pyq_fadeIn\">i <\/span><span class=\"BZ_Pyq_fadeIn\">predstavnica <\/span><span class=\"hover:entity-accent entity-underline inline cursor-pointer align-baseline\"><span class=\"whitespace-normal\">Udruga invalida rada Rijeka<\/span><\/span><span class=\"BZ_Pyq_fadeIn\">, <\/span><span class=\"BZ_Pyq_fadeIn\">koja <\/span><span class=\"BZ_Pyq_fadeIn\">je <\/span><span class=\"BZ_Pyq_fadeIn\">pratila <\/span><span class=\"BZ_Pyq_fadeIn\">predstavljanje <\/span><span class=\"BZ_Pyq_fadeIn\">planiranih <\/span><span class=\"BZ_Pyq_fadeIn\">aktivnosti <\/span><span class=\"BZ_Pyq_fadeIn\">i <\/span><span class=\"BZ_Pyq_fadeIn\">ciljeva <\/span><span class=\"BZ_Pyq_fadeIn\">projekta <\/span><span class=\"BZ_Pyq_fadeIn\">usmjerenih <\/span><span class=\"BZ_Pyq_fadeIn\">na <\/span><span class=\"BZ_Pyq_fadeIn\">ja\u010danje <\/span><span class=\"BZ_Pyq_fadeIn\">podr\u0161ke <\/span><span class=\"BZ_Pyq_fadeIn\">\u017eenama <\/span><span class=\"BZ_Pyq_fadeIn\">s <\/span><span class=\"BZ_Pyq_fadeIn\">invaliditetom <\/span><span class=\"BZ_Pyq_fadeIn\">\u017ertvama <\/span><span class=\"BZ_Pyq_fadeIn\">nasilja.<\/span><\/p>\n","protected":false},"excerpt":{"rendered":"<p>Zajednica saveza osoba s invaliditetom Hrvatske \u00a0odr\u017eala je 13. o\u017eujka po\u010detnu konferenciju projekta \u201eNasilju NE i NE\u20265\u201c, koji se provodi uz financijsku potporu Ministarstvo rada, mirovinskoga sustava, obitelji i socijalne politike. Projekt je usmjeren&#46;&#46;&#46;<\/p>\n","protected":false},"author":2,"featured_media":1539,"comment_status":"closed","ping_status":"closed","sticky":false,"template":"","format":"standard","meta":{"footnotes":""},"categories":[1],"tags":[],"class_list":["post-1538","post","type-post","status-publish","format-standard","has-post-thumbnail","hentry","category-vijesti"],"yoast_head":"<!-- This site is optimized with the Yoast SEO plugin v25.0 - https:\/\/yoast.com\/wordpress\/plugins\/seo\/ -->\n<title>Sudjelovanje na po\u010detna konferencija projekta \u201eNasilju NE i NE\u20265\u201c - Udruga invalida rada Rijeka<\/title>\n<meta name=\"robots\" content=\"index, follow, max-snippet:-1, max-image-preview:large, max-video-preview:-1\" \/>\n<link rel=\"canonical\" href=\"https:\/\/uir-ri.hr\/?p=1538\" \/>\n<meta property=\"og:locale\" content=\"hr_HR\" \/>\n<meta property=\"og:type\" content=\"article\" \/>\n<meta property=\"og:title\" content=\"Sudjelovanje na po\u010detna konferencija projekta \u201eNasilju NE i NE\u20265\u201c - Udruga invalida rada Rijeka\" \/>\n<meta property=\"og:description\" content=\"Zajednica saveza osoba s invaliditetom Hrvatske \u00a0odr\u017eala je 13. o\u017eujka po\u010detnu konferenciju projekta \u201eNasilju NE i NE\u20265\u201c, koji se provodi uz financijsku potporu Ministarstvo rada, mirovinskoga sustava, obitelji i socijalne politike. Projekt je usmjeren&#046;&#046;&#046;\" \/>\n<meta property=\"og:url\" content=\"https:\/\/uir-ri.hr\/?p=1538\" \/>\n<meta property=\"og:site_name\" content=\"Udruga invalida rada Rijeka\" \/>\n<meta property=\"article:published_time\" content=\"2026-03-16T10:56:35+00:00\" \/>\n<meta property=\"og:image\" content=\"https:\/\/uir-ri.hr\/wp-content\/uploads\/2026\/03\/b609b3e6-6cb7-4bf0-9025-d60b491f7489.jpg\" \/>\n\t<meta property=\"og:image:width\" content=\"1562\" \/>\n\t<meta property=\"og:image:height\" content=\"1105\" \/>\n\t<meta property=\"og:image:type\" content=\"image\/jpeg\" \/>\n<meta name=\"author\" content=\"uir\" \/>\n<meta name=\"twitter:card\" content=\"summary_large_image\" \/>\n<meta name=\"twitter:label1\" content=\"Napisao\/la\" \/>\n\t<meta name=\"twitter:data1\" content=\"uir\" \/>\n\t<meta name=\"twitter:label2\" content=\"Procijenjeno vrijeme \u010ditanja\" \/>\n\t<meta name=\"twitter:data2\" content=\"1 minuta\" \/>\n<script type=\"application\/ld+json\" class=\"yoast-schema-graph\">{\"@context\":\"https:\/\/schema.org\",\"@graph\":[{\"@type\":\"Article\",\"@id\":\"https:\/\/uir-ri.hr\/?p=1538#article\",\"isPartOf\":{\"@id\":\"https:\/\/uir-ri.hr\/?p=1538\"},\"author\":{\"name\":\"uir\",\"@id\":\"https:\/\/uir-ri.hr\/#\/schema\/person\/1daea4437933e995bef9aec7c894432e\"},\"headline\":\"Sudjelovanje na po\u010detna konferencija projekta \u201eNasilju NE i NE\u20265\u201c\",\"datePublished\":\"2026-03-16T10:56:35+00:00\",\"mainEntityOfPage\":{\"@id\":\"https:\/\/uir-ri.hr\/?p=1538\"},\"wordCount\":104,\"publisher\":{\"@id\":\"https:\/\/uir-ri.hr\/#organization\"},\"image\":{\"@id\":\"https:\/\/uir-ri.hr\/?p=1538#primaryimage\"},\"thumbnailUrl\":\"https:\/\/uir-ri.hr\/wp-content\/uploads\/2026\/03\/b609b3e6-6cb7-4bf0-9025-d60b491f7489.jpg\",\"articleSection\":[\"Vijesti\"],\"inLanguage\":\"hr\"},{\"@type\":\"WebPage\",\"@id\":\"https:\/\/uir-ri.hr\/?p=1538\",\"url\":\"https:\/\/uir-ri.hr\/?p=1538\",\"name\":\"Sudjelovanje na po\u010detna konferencija projekta \u201eNasilju NE i NE\u20265\u201c - Udruga invalida rada Rijeka\",\"isPartOf\":{\"@id\":\"https:\/\/uir-ri.hr\/#website\"},\"primaryImageOfPage\":{\"@id\":\"https:\/\/uir-ri.hr\/?p=1538#primaryimage\"},\"image\":{\"@id\":\"https:\/\/uir-ri.hr\/?p=1538#primaryimage\"},\"thumbnailUrl\":\"https:\/\/uir-ri.hr\/wp-content\/uploads\/2026\/03\/b609b3e6-6cb7-4bf0-9025-d60b491f7489.jpg\",\"datePublished\":\"2026-03-16T10:56:35+00:00\",\"breadcrumb\":{\"@id\":\"https:\/\/uir-ri.hr\/?p=1538#breadcrumb\"},\"inLanguage\":\"hr\",\"potentialAction\":[{\"@type\":\"ReadAction\",\"target\":[\"https:\/\/uir-ri.hr\/?p=1538\"]}]},{\"@type\":\"ImageObject\",\"inLanguage\":\"hr\",\"@id\":\"https:\/\/uir-ri.hr\/?p=1538#primaryimage\",\"url\":\"https:\/\/uir-ri.hr\/wp-content\/uploads\/2026\/03\/b609b3e6-6cb7-4bf0-9025-d60b491f7489.jpg\",\"contentUrl\":\"https:\/\/uir-ri.hr\/wp-content\/uploads\/2026\/03\/b609b3e6-6cb7-4bf0-9025-d60b491f7489.jpg\",\"width\":1562,\"height\":1105},{\"@type\":\"BreadcrumbList\",\"@id\":\"https:\/\/uir-ri.hr\/?p=1538#breadcrumb\",\"itemListElement\":[{\"@type\":\"ListItem\",\"position\":1,\"name\":\"Po\u010detna stranica\",\"item\":\"https:\/\/uir-ri.hr\/\"},{\"@type\":\"ListItem\",\"position\":2,\"name\":\"Sudjelovanje na po\u010detna konferencija projekta \u201eNasilju NE i NE\u20265\u201c\"}]},{\"@type\":\"WebSite\",\"@id\":\"https:\/\/uir-ri.hr\/#website\",\"url\":\"https:\/\/uir-ri.hr\/\",\"name\":\"Udruga invalida rada Rijeka\",\"description\":\"Slu\u017ebene stranice\",\"publisher\":{\"@id\":\"https:\/\/uir-ri.hr\/#organization\"},\"potentialAction\":[{\"@type\":\"SearchAction\",\"target\":{\"@type\":\"EntryPoint\",\"urlTemplate\":\"https:\/\/uir-ri.hr\/?s={search_term_string}\"},\"query-input\":{\"@type\":\"PropertyValueSpecification\",\"valueRequired\":true,\"valueName\":\"search_term_string\"}}],\"inLanguage\":\"hr\"},{\"@type\":\"Organization\",\"@id\":\"https:\/\/uir-ri.hr\/#organization\",\"name\":\"UDRUGA INVALIDA RADA RIJEKA\",\"url\":\"https:\/\/uir-ri.hr\/\",\"logo\":{\"@type\":\"ImageObject\",\"inLanguage\":\"hr\",\"@id\":\"https:\/\/uir-ri.hr\/#\/schema\/logo\/image\/\",\"url\":\"https:\/\/uir-ri.hr\/wp-content\/uploads\/2017\/04\/n_mi_201653124327.png\",\"contentUrl\":\"https:\/\/uir-ri.hr\/wp-content\/uploads\/2017\/04\/n_mi_201653124327.png\",\"width\":324,\"height\":245,\"caption\":\"UDRUGA INVALIDA RADA RIJEKA\"},\"image\":{\"@id\":\"https:\/\/uir-ri.hr\/#\/schema\/logo\/image\/\"}},{\"@type\":\"Person\",\"@id\":\"https:\/\/uir-ri.hr\/#\/schema\/person\/1daea4437933e995bef9aec7c894432e\",\"name\":\"uir\",\"image\":{\"@type\":\"ImageObject\",\"inLanguage\":\"hr\",\"@id\":\"https:\/\/uir-ri.hr\/#\/schema\/person\/image\/\",\"url\":\"https:\/\/secure.gravatar.com\/avatar\/e6b1386950a1f5c1ce514e850bec9a3dda744ae1bb85599e1e931622fadc699b?s=96&d=mm&r=g\",\"contentUrl\":\"https:\/\/secure.gravatar.com\/avatar\/e6b1386950a1f5c1ce514e850bec9a3dda744ae1bb85599e1e931622fadc699b?s=96&d=mm&r=g\",\"caption\":\"uir\"}}]}<\/script>\n<!-- \/ Yoast SEO plugin. -->","yoast_head_json":{"title":"Sudjelovanje na po\u010detna konferencija projekta \u201eNasilju NE i NE\u20265\u201c - Udruga invalida rada Rijeka","robots":{"index":"index","follow":"follow","max-snippet":"max-snippet:-1","max-image-preview":"max-image-preview:large","max-video-preview":"max-video-preview:-1"},"canonical":"https:\/\/uir-ri.hr\/?p=1538","og_locale":"hr_HR","og_type":"article","og_title":"Sudjelovanje na po\u010detna konferencija projekta \u201eNasilju NE i NE\u20265\u201c - Udruga invalida rada Rijeka","og_description":"Zajednica saveza osoba s invaliditetom Hrvatske \u00a0odr\u017eala je 13. o\u017eujka po\u010detnu konferenciju projekta \u201eNasilju NE i NE\u20265\u201c, koji se provodi uz financijsku potporu Ministarstvo rada, mirovinskoga sustava, obitelji i socijalne politike. Projekt je usmjeren&#46;&#46;&#46;","og_url":"https:\/\/uir-ri.hr\/?p=1538","og_site_name":"Udruga invalida rada Rijeka","article_published_time":"2026-03-16T10:56:35+00:00","og_image":[{"width":1562,"height":1105,"url":"https:\/\/uir-ri.hr\/wp-content\/uploads\/2026\/03\/b609b3e6-6cb7-4bf0-9025-d60b491f7489.jpg","type":"image\/jpeg"}],"author":"uir","twitter_card":"summary_large_image","twitter_misc":{"Napisao\/la":"uir","Procijenjeno vrijeme \u010ditanja":"1 minuta"},"schema":{"@context":"https:\/\/schema.org","@graph":[{"@type":"Article","@id":"https:\/\/uir-ri.hr\/?p=1538#article","isPartOf":{"@id":"https:\/\/uir-ri.hr\/?p=1538"},"author":{"name":"uir","@id":"https:\/\/uir-ri.hr\/#\/schema\/person\/1daea4437933e995bef9aec7c894432e"},"headline":"Sudjelovanje na po\u010detna konferencija projekta \u201eNasilju NE i NE\u20265\u201c","datePublished":"2026-03-16T10:56:35+00:00","mainEntityOfPage":{"@id":"https:\/\/uir-ri.hr\/?p=1538"},"wordCount":104,"publisher":{"@id":"https:\/\/uir-ri.hr\/#organization"},"image":{"@id":"https:\/\/uir-ri.hr\/?p=1538#primaryimage"},"thumbnailUrl":"https:\/\/uir-ri.hr\/wp-content\/uploads\/2026\/03\/b609b3e6-6cb7-4bf0-9025-d60b491f7489.jpg","articleSection":["Vijesti"],"inLanguage":"hr"},{"@type":"WebPage","@id":"https:\/\/uir-ri.hr\/?p=1538","url":"https:\/\/uir-ri.hr\/?p=1538","name":"Sudjelovanje na po\u010detna konferencija projekta \u201eNasilju NE i NE\u20265\u201c - Udruga invalida rada Rijeka","isPartOf":{"@id":"https:\/\/uir-ri.hr\/#website"},"primaryImageOfPage":{"@id":"https:\/\/uir-ri.hr\/?p=1538#primaryimage"},"image":{"@id":"https:\/\/uir-ri.hr\/?p=1538#primaryimage"},"thumbnailUrl":"https:\/\/uir-ri.hr\/wp-content\/uploads\/2026\/03\/b609b3e6-6cb7-4bf0-9025-d60b491f7489.jpg","datePublished":"2026-03-16T10:56:35+00:00","breadcrumb":{"@id":"https:\/\/uir-ri.hr\/?p=1538#breadcrumb"},"inLanguage":"hr","potentialAction":[{"@type":"ReadAction","target":["https:\/\/uir-ri.hr\/?p=1538"]}]},{"@type":"ImageObject","inLanguage":"hr","@id":"https:\/\/uir-ri.hr\/?p=1538#primaryimage","url":"https:\/\/uir-ri.hr\/wp-content\/uploads\/2026\/03\/b609b3e6-6cb7-4bf0-9025-d60b491f7489.jpg","contentUrl":"https:\/\/uir-ri.hr\/wp-content\/uploads\/2026\/03\/b609b3e6-6cb7-4bf0-9025-d60b491f7489.jpg","width":1562,"height":1105},{"@type":"BreadcrumbList","@id":"https:\/\/uir-ri.hr\/?p=1538#breadcrumb","itemListElement":[{"@type":"ListItem","position":1,"name":"Po\u010detna stranica","item":"https:\/\/uir-ri.hr\/"},{"@type":"ListItem","position":2,"name":"Sudjelovanje na po\u010detna konferencija projekta \u201eNasilju NE i NE\u20265\u201c"}]},{"@type":"WebSite","@id":"https:\/\/uir-ri.hr\/#website","url":"https:\/\/uir-ri.hr\/","name":"Udruga invalida rada Rijeka","description":"Slu\u017ebene stranice","publisher":{"@id":"https:\/\/uir-ri.hr\/#organization"},"potentialAction":[{"@type":"SearchAction","target":{"@type":"EntryPoint","urlTemplate":"https:\/\/uir-ri.hr\/?s={search_term_string}"},"query-input":{"@type":"PropertyValueSpecification","valueRequired":true,"valueName":"search_term_string"}}],"inLanguage":"hr"},{"@type":"Organization","@id":"https:\/\/uir-ri.hr\/#organization","name":"UDRUGA INVALIDA RADA RIJEKA","url":"https:\/\/uir-ri.hr\/","logo":{"@type":"ImageObject","inLanguage":"hr","@id":"https:\/\/uir-ri.hr\/#\/schema\/logo\/image\/","url":"https:\/\/uir-ri.hr\/wp-content\/uploads\/2017\/04\/n_mi_201653124327.png","contentUrl":"https:\/\/uir-ri.hr\/wp-content\/uploads\/2017\/04\/n_mi_201653124327.png","width":324,"height":245,"caption":"UDRUGA INVALIDA RADA RIJEKA"},"image":{"@id":"https:\/\/uir-ri.hr\/#\/schema\/logo\/image\/"}},{"@type":"Person","@id":"https:\/\/uir-ri.hr\/#\/schema\/person\/1daea4437933e995bef9aec7c894432e","name":"uir","image":{"@type":"ImageObject","inLanguage":"hr","@id":"https:\/\/uir-ri.hr\/#\/schema\/person\/image\/","url":"https:\/\/secure.gravatar.com\/avatar\/e6b1386950a1f5c1ce514e850bec9a3dda744ae1bb85599e1e931622fadc699b?s=96&d=mm&r=g","contentUrl":"https:\/\/secure.gravatar.com\/avatar\/e6b1386950a1f5c1ce514e850bec9a3dda744ae1bb85599e1e931622fadc699b?s=96&d=mm&r=g","caption":"uir"}}]}},"_links":{"self":[{"href":"https:\/\/uir-ri.hr\/index.php?rest_route=\/wp\/v2\/posts\/1538","targetHints":{"allow":["GET"]}}],"collection":[{"href":"https:\/\/uir-ri.hr\/index.php?rest_route=\/wp\/v2\/posts"}],"about":[{"href":"https:\/\/uir-ri.hr\/index.php?rest_route=\/wp\/v2\/types\/post"}],"author":[{"embeddable":true,"href":"https:\/\/uir-ri.hr\/index.php?rest_route=\/wp\/v2\/users\/2"}],"replies":[{"embeddable":true,"href":"https:\/\/uir-ri.hr\/index.php?rest_route=%2Fwp%2Fv2%2Fcomments&post=1538"}],"version-history":[{"count":1,"href":"https:\/\/uir-ri.hr\/index.php?rest_route=\/wp\/v2\/posts\/1538\/revisions"}],"predecessor-version":[{"id":1540,"href":"https:\/\/uir-ri.hr\/index.php?rest_route=\/wp\/v2\/posts\/1538\/revisions\/1540"}],"wp:featuredmedia":[{"embeddable":true,"href":"https:\/\/uir-ri.hr\/index.php?rest_route=\/wp\/v2\/media\/1539"}],"wp:attachment":[{"href":"https:\/\/uir-ri.hr\/index.php?rest_route=%2Fwp%2Fv2%2Fmedia&parent=1538"}],"wp:term":[{"taxonomy":"category","embeddable":true,"href":"https:\/\/uir-ri.hr\/index.php?rest_route=%2Fwp%2Fv2%2Fcategories&post=1538"},{"taxonomy":"post_tag","embeddable":true,"href":"https:\/\/uir-ri.hr\/index.php?rest_route=%2Fwp%2Fv2%2Ftags&post=1538"}],"curies":[{"name":"wp","href":"https:\/\/api.w.org\/{rel}","templated":true}]}}