{"id":1541,"date":"2026-03-16T12:06:44","date_gmt":"2026-03-16T11:06:44","guid":{"rendered":"https:\/\/uir-ri.hr\/?p=1541"},"modified":"2026-03-17T12:53:11","modified_gmt":"2026-03-17T11:53:11","slug":"udruga-invalida-rada-rijeka-domacin-je-ovogodisnjeg-obiljezavanja-nacionalnog-dana-invalida-rada","status":"publish","type":"post","link":"https:\/\/uir-ri.hr\/?p=1541","title":{"rendered":"Udruga invalida rada Rijeka doma\u0107in je ovogodi\u0161njeg obilje\u017eavanja Nacionalnog dana invalida rada"},"content":{"rendered":"<p>Udruga invalida rada Rijeka doma\u0107in je ovogodi\u0161njeg obilje\u017eavanja Nacionalnog dana invalida rada koje \u0107e se u organizaciji HSUIR-a, a pod pokroviteljstvom Grada Rijeke odr\u017eati u <strong>petak, 20. o\u017eujka<\/strong> s po\u010detkom u<strong> 11 sat<\/strong>i u Gradskoj vije\u0107nici na Korzu 16.<br \/>\nU sklopu obilje\u017eavanja bit \u0107e odr\u017eana stru\u010dna konferencija pod nazivom \u201ePolo\u017eaj invalida rada u Republici Hrvatskoj \u2013 izazovi u 2026. koja je posve\u0107ena promi\u0161ljanju polo\u017eaja invalida rada u Republici Hrvatskoj te ja\u010danju dijaloga izme\u0111u institucija, stru\u010dne javnosti i organizacija civilnoga dru\u0161tva, s ciljem unapre\u0111enja prava, dostojanstva i kvalitete \u017eivota invalida rada.<br \/>\nSredi\u0161nji dio konferencije \u010dini panel rasprava pod nazivom \u201eOd zakonskih prava do prava u praksi \u2013 polo\u017eaj invalida rada danas\u201c. Raspravu \u0107e moderirati Marica Miri\u0107, predsjednica Zajednice saveza osoba s invaliditetom Hrvatske (SOIH), a sudjelovat \u0107e predstavnici:<br \/>\nMinistarstva rada, mirovinskoga sustava, obitelji i socijalne politike; Ureda pravobranitelja za osobe s invaliditetom, Centra za rehabilitaciju Rijeka, Udruge cerebralne i dje\u010dje paralize Rijeka te Hrvatskog saveza udruga invalida rada. U prvom dijelu konferencije na temu: \u201eInvalidi rada u sustavu \u2013 izme\u0111u zakonskih prava i stvarnosti\u201d, govorit \u0107e predstavnice HZZO-a i HZMO-a.<br \/>\nOvo sredi\u0161nje nacionalno obilje\u017eavanje dana invalida uveli\u010dat \u0107e svojim nastupom Pjeva\u010dki zbor \u201ePenzi\u0107i Rijeka\u201d pod dirigentskom palicom maestra Vinka Badjuka.<br \/>\nDoma\u0107in doga\u0111anja Udruga invalida rada Rijeka tom prigodom ispred Zare na Korzu <strong>od 10 sati<\/strong> postavit \u0107e izlo\u017ebeni \u0161tand s radovima svojih \u010dlanova te pozivaju sve zainteresirane da im se pridru\u017ee.<\/p>\n","protected":false},"excerpt":{"rendered":"<p>Udruga invalida rada Rijeka doma\u0107in je ovogodi\u0161njeg obilje\u017eavanja Nacionalnog dana invalida rada koje \u0107e se u organizaciji HSUIR-a, a pod pokroviteljstvom Grada Rijeke odr\u017eati u petak, 20. o\u017eujka s po\u010detkom u 11 sati u&#46;&#46;&#46;<\/p>\n","protected":false},"author":2,"featured_media":1546,"comment_status":"closed","ping_status":"closed","sticky":false,"template":"","format":"standard","meta":{"footnotes":""},"categories":[1],"tags":[],"class_list":["post-1541","post","type-post","status-publish","format-standard","has-post-thumbnail","hentry","category-vijesti"],"yoast_head":"<!-- This site is optimized with the Yoast SEO plugin v25.0 - https:\/\/yoast.com\/wordpress\/plugins\/seo\/ -->\n<title>Udruga invalida rada Rijeka doma\u0107in je ovogodi\u0161njeg obilje\u017eavanja Nacionalnog dana invalida rada - Udruga invalida rada Rijeka<\/title>\n<meta name=\"robots\" content=\"index, follow, max-snippet:-1, max-image-preview:large, max-video-preview:-1\" \/>\n<link rel=\"canonical\" href=\"https:\/\/uir-ri.hr\/?p=1541\" \/>\n<meta property=\"og:locale\" content=\"hr_HR\" \/>\n<meta property=\"og:type\" content=\"article\" \/>\n<meta property=\"og:title\" content=\"Udruga invalida rada Rijeka doma\u0107in je ovogodi\u0161njeg obilje\u017eavanja Nacionalnog dana invalida rada - Udruga invalida rada Rijeka\" \/>\n<meta property=\"og:description\" content=\"Udruga invalida rada Rijeka doma\u0107in je ovogodi\u0161njeg obilje\u017eavanja Nacionalnog dana invalida rada koje \u0107e se u organizaciji HSUIR-a, a pod pokroviteljstvom Grada Rijeke odr\u017eati u petak, 20. o\u017eujka s po\u010detkom u 11 sati u&#046;&#046;&#046;\" \/>\n<meta property=\"og:url\" content=\"https:\/\/uir-ri.hr\/?p=1541\" \/>\n<meta property=\"og:site_name\" content=\"Udruga invalida rada Rijeka\" \/>\n<meta property=\"article:published_time\" content=\"2026-03-16T11:06:44+00:00\" \/>\n<meta property=\"article:modified_time\" content=\"2026-03-17T11:53:11+00:00\" \/>\n<meta property=\"og:image\" content=\"https:\/\/uir-ri.hr\/wp-content\/uploads\/2026\/03\/uir-rijeka.jpg\" \/>\n\t<meta property=\"og:image:width\" content=\"545\" \/>\n\t<meta property=\"og:image:height\" content=\"551\" \/>\n\t<meta property=\"og:image:type\" content=\"image\/jpeg\" \/>\n<meta name=\"author\" content=\"uir\" \/>\n<meta name=\"twitter:card\" content=\"summary_large_image\" \/>\n<meta name=\"twitter:label1\" content=\"Napisao\/la\" \/>\n\t<meta name=\"twitter:data1\" content=\"uir\" \/>\n\t<meta name=\"twitter:label2\" content=\"Procijenjeno vrijeme \u010ditanja\" \/>\n\t<meta name=\"twitter:data2\" content=\"2 minute\" \/>\n<script type=\"application\/ld+json\" class=\"yoast-schema-graph\">{\"@context\":\"https:\/\/schema.org\",\"@graph\":[{\"@type\":\"Article\",\"@id\":\"https:\/\/uir-ri.hr\/?p=1541#article\",\"isPartOf\":{\"@id\":\"https:\/\/uir-ri.hr\/?p=1541\"},\"author\":{\"name\":\"uir\",\"@id\":\"https:\/\/uir-ri.hr\/#\/schema\/person\/1daea4437933e995bef9aec7c894432e\"},\"headline\":\"Udruga invalida rada Rijeka doma\u0107in je ovogodi\u0161njeg obilje\u017eavanja Nacionalnog dana invalida rada\",\"datePublished\":\"2026-03-16T11:06:44+00:00\",\"dateModified\":\"2026-03-17T11:53:11+00:00\",\"mainEntityOfPage\":{\"@id\":\"https:\/\/uir-ri.hr\/?p=1541\"},\"wordCount\":269,\"publisher\":{\"@id\":\"https:\/\/uir-ri.hr\/#organization\"},\"image\":{\"@id\":\"https:\/\/uir-ri.hr\/?p=1541#primaryimage\"},\"thumbnailUrl\":\"https:\/\/uir-ri.hr\/wp-content\/uploads\/2026\/03\/uir-rijeka.jpg\",\"articleSection\":[\"Vijesti\"],\"inLanguage\":\"hr\"},{\"@type\":\"WebPage\",\"@id\":\"https:\/\/uir-ri.hr\/?p=1541\",\"url\":\"https:\/\/uir-ri.hr\/?p=1541\",\"name\":\"Udruga invalida rada Rijeka doma\u0107in je ovogodi\u0161njeg obilje\u017eavanja Nacionalnog dana invalida rada - Udruga invalida rada Rijeka\",\"isPartOf\":{\"@id\":\"https:\/\/uir-ri.hr\/#website\"},\"primaryImageOfPage\":{\"@id\":\"https:\/\/uir-ri.hr\/?p=1541#primaryimage\"},\"image\":{\"@id\":\"https:\/\/uir-ri.hr\/?p=1541#primaryimage\"},\"thumbnailUrl\":\"https:\/\/uir-ri.hr\/wp-content\/uploads\/2026\/03\/uir-rijeka.jpg\",\"datePublished\":\"2026-03-16T11:06:44+00:00\",\"dateModified\":\"2026-03-17T11:53:11+00:00\",\"breadcrumb\":{\"@id\":\"https:\/\/uir-ri.hr\/?p=1541#breadcrumb\"},\"inLanguage\":\"hr\",\"potentialAction\":[{\"@type\":\"ReadAction\",\"target\":[\"https:\/\/uir-ri.hr\/?p=1541\"]}]},{\"@type\":\"ImageObject\",\"inLanguage\":\"hr\",\"@id\":\"https:\/\/uir-ri.hr\/?p=1541#primaryimage\",\"url\":\"https:\/\/uir-ri.hr\/wp-content\/uploads\/2026\/03\/uir-rijeka.jpg\",\"contentUrl\":\"https:\/\/uir-ri.hr\/wp-content\/uploads\/2026\/03\/uir-rijeka.jpg\",\"width\":545,\"height\":551},{\"@type\":\"BreadcrumbList\",\"@id\":\"https:\/\/uir-ri.hr\/?p=1541#breadcrumb\",\"itemListElement\":[{\"@type\":\"ListItem\",\"position\":1,\"name\":\"Po\u010detna stranica\",\"item\":\"https:\/\/uir-ri.hr\/\"},{\"@type\":\"ListItem\",\"position\":2,\"name\":\"Udruga invalida rada Rijeka doma\u0107in je ovogodi\u0161njeg obilje\u017eavanja Nacionalnog dana invalida rada\"}]},{\"@type\":\"WebSite\",\"@id\":\"https:\/\/uir-ri.hr\/#website\",\"url\":\"https:\/\/uir-ri.hr\/\",\"name\":\"Udruga invalida rada Rijeka\",\"description\":\"Slu\u017ebene stranice\",\"publisher\":{\"@id\":\"https:\/\/uir-ri.hr\/#organization\"},\"potentialAction\":[{\"@type\":\"SearchAction\",\"target\":{\"@type\":\"EntryPoint\",\"urlTemplate\":\"https:\/\/uir-ri.hr\/?s={search_term_string}\"},\"query-input\":{\"@type\":\"PropertyValueSpecification\",\"valueRequired\":true,\"valueName\":\"search_term_string\"}}],\"inLanguage\":\"hr\"},{\"@type\":\"Organization\",\"@id\":\"https:\/\/uir-ri.hr\/#organization\",\"name\":\"UDRUGA INVALIDA RADA RIJEKA\",\"url\":\"https:\/\/uir-ri.hr\/\",\"logo\":{\"@type\":\"ImageObject\",\"inLanguage\":\"hr\",\"@id\":\"https:\/\/uir-ri.hr\/#\/schema\/logo\/image\/\",\"url\":\"https:\/\/uir-ri.hr\/wp-content\/uploads\/2017\/04\/n_mi_201653124327.png\",\"contentUrl\":\"https:\/\/uir-ri.hr\/wp-content\/uploads\/2017\/04\/n_mi_201653124327.png\",\"width\":324,\"height\":245,\"caption\":\"UDRUGA INVALIDA RADA RIJEKA\"},\"image\":{\"@id\":\"https:\/\/uir-ri.hr\/#\/schema\/logo\/image\/\"}},{\"@type\":\"Person\",\"@id\":\"https:\/\/uir-ri.hr\/#\/schema\/person\/1daea4437933e995bef9aec7c894432e\",\"name\":\"uir\",\"image\":{\"@type\":\"ImageObject\",\"inLanguage\":\"hr\",\"@id\":\"https:\/\/uir-ri.hr\/#\/schema\/person\/image\/\",\"url\":\"https:\/\/secure.gravatar.com\/avatar\/e6b1386950a1f5c1ce514e850bec9a3dda744ae1bb85599e1e931622fadc699b?s=96&d=mm&r=g\",\"contentUrl\":\"https:\/\/secure.gravatar.com\/avatar\/e6b1386950a1f5c1ce514e850bec9a3dda744ae1bb85599e1e931622fadc699b?s=96&d=mm&r=g\",\"caption\":\"uir\"}}]}<\/script>\n<!-- \/ Yoast SEO plugin. -->","yoast_head_json":{"title":"Udruga invalida rada Rijeka doma\u0107in je ovogodi\u0161njeg obilje\u017eavanja Nacionalnog dana invalida rada - Udruga invalida rada Rijeka","robots":{"index":"index","follow":"follow","max-snippet":"max-snippet:-1","max-image-preview":"max-image-preview:large","max-video-preview":"max-video-preview:-1"},"canonical":"https:\/\/uir-ri.hr\/?p=1541","og_locale":"hr_HR","og_type":"article","og_title":"Udruga invalida rada Rijeka doma\u0107in je ovogodi\u0161njeg obilje\u017eavanja Nacionalnog dana invalida rada - Udruga invalida rada Rijeka","og_description":"Udruga invalida rada Rijeka doma\u0107in je ovogodi\u0161njeg obilje\u017eavanja Nacionalnog dana invalida rada koje \u0107e se u organizaciji HSUIR-a, a pod pokroviteljstvom Grada Rijeke odr\u017eati u petak, 20. o\u017eujka s po\u010detkom u 11 sati u&#46;&#46;&#46;","og_url":"https:\/\/uir-ri.hr\/?p=1541","og_site_name":"Udruga invalida rada Rijeka","article_published_time":"2026-03-16T11:06:44+00:00","article_modified_time":"2026-03-17T11:53:11+00:00","og_image":[{"width":545,"height":551,"url":"https:\/\/uir-ri.hr\/wp-content\/uploads\/2026\/03\/uir-rijeka.jpg","type":"image\/jpeg"}],"author":"uir","twitter_card":"summary_large_image","twitter_misc":{"Napisao\/la":"uir","Procijenjeno vrijeme \u010ditanja":"2 minute"},"schema":{"@context":"https:\/\/schema.org","@graph":[{"@type":"Article","@id":"https:\/\/uir-ri.hr\/?p=1541#article","isPartOf":{"@id":"https:\/\/uir-ri.hr\/?p=1541"},"author":{"name":"uir","@id":"https:\/\/uir-ri.hr\/#\/schema\/person\/1daea4437933e995bef9aec7c894432e"},"headline":"Udruga invalida rada Rijeka doma\u0107in je ovogodi\u0161njeg obilje\u017eavanja Nacionalnog dana invalida rada","datePublished":"2026-03-16T11:06:44+00:00","dateModified":"2026-03-17T11:53:11+00:00","mainEntityOfPage":{"@id":"https:\/\/uir-ri.hr\/?p=1541"},"wordCount":269,"publisher":{"@id":"https:\/\/uir-ri.hr\/#organization"},"image":{"@id":"https:\/\/uir-ri.hr\/?p=1541#primaryimage"},"thumbnailUrl":"https:\/\/uir-ri.hr\/wp-content\/uploads\/2026\/03\/uir-rijeka.jpg","articleSection":["Vijesti"],"inLanguage":"hr"},{"@type":"WebPage","@id":"https:\/\/uir-ri.hr\/?p=1541","url":"https:\/\/uir-ri.hr\/?p=1541","name":"Udruga invalida rada Rijeka doma\u0107in je ovogodi\u0161njeg obilje\u017eavanja Nacionalnog dana invalida rada - Udruga invalida rada Rijeka","isPartOf":{"@id":"https:\/\/uir-ri.hr\/#website"},"primaryImageOfPage":{"@id":"https:\/\/uir-ri.hr\/?p=1541#primaryimage"},"image":{"@id":"https:\/\/uir-ri.hr\/?p=1541#primaryimage"},"thumbnailUrl":"https:\/\/uir-ri.hr\/wp-content\/uploads\/2026\/03\/uir-rijeka.jpg","datePublished":"2026-03-16T11:06:44+00:00","dateModified":"2026-03-17T11:53:11+00:00","breadcrumb":{"@id":"https:\/\/uir-ri.hr\/?p=1541#breadcrumb"},"inLanguage":"hr","potentialAction":[{"@type":"ReadAction","target":["https:\/\/uir-ri.hr\/?p=1541"]}]},{"@type":"ImageObject","inLanguage":"hr","@id":"https:\/\/uir-ri.hr\/?p=1541#primaryimage","url":"https:\/\/uir-ri.hr\/wp-content\/uploads\/2026\/03\/uir-rijeka.jpg","contentUrl":"https:\/\/uir-ri.hr\/wp-content\/uploads\/2026\/03\/uir-rijeka.jpg","width":545,"height":551},{"@type":"BreadcrumbList","@id":"https:\/\/uir-ri.hr\/?p=1541#breadcrumb","itemListElement":[{"@type":"ListItem","position":1,"name":"Po\u010detna stranica","item":"https:\/\/uir-ri.hr\/"},{"@type":"ListItem","position":2,"name":"Udruga invalida rada Rijeka doma\u0107in je ovogodi\u0161njeg obilje\u017eavanja Nacionalnog dana invalida rada"}]},{"@type":"WebSite","@id":"https:\/\/uir-ri.hr\/#website","url":"https:\/\/uir-ri.hr\/","name":"Udruga invalida rada Rijeka","description":"Slu\u017ebene stranice","publisher":{"@id":"https:\/\/uir-ri.hr\/#organization"},"potentialAction":[{"@type":"SearchAction","target":{"@type":"EntryPoint","urlTemplate":"https:\/\/uir-ri.hr\/?s={search_term_string}"},"query-input":{"@type":"PropertyValueSpecification","valueRequired":true,"valueName":"search_term_string"}}],"inLanguage":"hr"},{"@type":"Organization","@id":"https:\/\/uir-ri.hr\/#organization","name":"UDRUGA INVALIDA RADA RIJEKA","url":"https:\/\/uir-ri.hr\/","logo":{"@type":"ImageObject","inLanguage":"hr","@id":"https:\/\/uir-ri.hr\/#\/schema\/logo\/image\/","url":"https:\/\/uir-ri.hr\/wp-content\/uploads\/2017\/04\/n_mi_201653124327.png","contentUrl":"https:\/\/uir-ri.hr\/wp-content\/uploads\/2017\/04\/n_mi_201653124327.png","width":324,"height":245,"caption":"UDRUGA INVALIDA RADA RIJEKA"},"image":{"@id":"https:\/\/uir-ri.hr\/#\/schema\/logo\/image\/"}},{"@type":"Person","@id":"https:\/\/uir-ri.hr\/#\/schema\/person\/1daea4437933e995bef9aec7c894432e","name":"uir","image":{"@type":"ImageObject","inLanguage":"hr","@id":"https:\/\/uir-ri.hr\/#\/schema\/person\/image\/","url":"https:\/\/secure.gravatar.com\/avatar\/e6b1386950a1f5c1ce514e850bec9a3dda744ae1bb85599e1e931622fadc699b?s=96&d=mm&r=g","contentUrl":"https:\/\/secure.gravatar.com\/avatar\/e6b1386950a1f5c1ce514e850bec9a3dda744ae1bb85599e1e931622fadc699b?s=96&d=mm&r=g","caption":"uir"}}]}},"_links":{"self":[{"href":"https:\/\/uir-ri.hr\/index.php?rest_route=\/wp\/v2\/posts\/1541","targetHints":{"allow":["GET"]}}],"collection":[{"href":"https:\/\/uir-ri.hr\/index.php?rest_route=\/wp\/v2\/posts"}],"about":[{"href":"https:\/\/uir-ri.hr\/index.php?rest_route=\/wp\/v2\/types\/post"}],"author":[{"embeddable":true,"href":"https:\/\/uir-ri.hr\/index.php?rest_route=\/wp\/v2\/users\/2"}],"replies":[{"embeddable":true,"href":"https:\/\/uir-ri.hr\/index.php?rest_route=%2Fwp%2Fv2%2Fcomments&post=1541"}],"version-history":[{"count":2,"href":"https:\/\/uir-ri.hr\/index.php?rest_route=\/wp\/v2\/posts\/1541\/revisions"}],"predecessor-version":[{"id":1547,"href":"https:\/\/uir-ri.hr\/index.php?rest_route=\/wp\/v2\/posts\/1541\/revisions\/1547"}],"wp:featuredmedia":[{"embeddable":true,"href":"https:\/\/uir-ri.hr\/index.php?rest_route=\/wp\/v2\/media\/1546"}],"wp:attachment":[{"href":"https:\/\/uir-ri.hr\/index.php?rest_route=%2Fwp%2Fv2%2Fmedia&parent=1541"}],"wp:term":[{"taxonomy":"category","embeddable":true,"href":"https:\/\/uir-ri.hr\/index.php?rest_route=%2Fwp%2Fv2%2Fcategories&post=1541"},{"taxonomy":"post_tag","embeddable":true,"href":"https:\/\/uir-ri.hr\/index.php?rest_route=%2Fwp%2Fv2%2Ftags&post=1541"}],"curies":[{"name":"wp","href":"https:\/\/api.w.org\/{rel}","templated":true}]}}