{"id":1555,"date":"2026-03-20T15:13:46","date_gmt":"2026-03-20T14:13:46","guid":{"rendered":"https:\/\/uir-ri.hr\/?p=1555"},"modified":"2026-03-20T15:15:58","modified_gmt":"2026-03-20T14:15:58","slug":"u-rijeci-obiljezen-nacionalni-dan-invalida-rada","status":"publish","type":"post","link":"https:\/\/uir-ri.hr\/?p=1555","title":{"rendered":"U Rijeci obilje\u017een Nacionalni dan invalida rada"},"content":{"rendered":"<p>Udruga invalida rada Rijeka bila je doma\u0107in ovogodi\u0161njeg obilje\u017eavanja Nacionalnog dana invalida rada koji se u organizaciji Hrvatskog saveza udruga invalida rada i pod pokroviteljstvom Grada Rijeke odr\u017ealo u Gradskoj vije\u0107nici.<\/p>\n<p>Sredi\u0161nji dio programa bila je stru\u010dna konferencija pod nazivom: \u201ePolo\u017eaj invalida rada u Republici Hrvatskoj \u2013 izazovi u 2026.\u201c na kojoj je izme\u0111u ostalog istaknuto kako prema dostupnim podacima, u Hrvatskoj \u017eivi oko 624.000 osoba s invaliditetom, \u0161to \u010dini 17% ukupnog stanovni\u0161tva, dok je registrirano \u010dak 88.977 invalida rada. Iako zakonski okvir osigurava odre\u0111ena prava poput rehabilitacije, zapo\u0161ljavanja i socijalne sigurnosti, klju\u010dni problem i dalje ostaje njegova nedovoljno u\u010dinkovita provedba. Administrativne prepreke, sporost postupaka i nedovoljna koordinacija institucija \u010desto ote\u017eavaju ostvarivanje prava u praksi.<\/p>\n<p>Poseban izazov predstavlja niska uklju\u010denost invalida rada na tr\u017ei\u0161te rada, unato\u010d postoje\u0107im poticajima. Nagla\u0161ena je potreba za ja\u010danjem nadzora provedbe zakona, boljom me\u0111uinstitucionalnom suradnjom te aktivnijim uklju\u010divanjem samih invalida rada u procese dono\u0161enja odluka.<\/p>\n<p>Paralelno s doga\u0111anjem u Gradskoj vije\u0107nici \u010dlanovi Udruge invalida rada prigodnom su izlo\u017ebom svojih radova na Korzu obilje\u017eili Nacionalni dan invalida rada.<\/p>\n<p>Na \u0161arenom \u0161tandu, koji je privukao brojne sugra\u0111ane, izlo\u017eeni su unikatni ru\u010dni radovi od veza i pletiva, mirisnih svije\u0107a do ukrasnih predmeta od keramike i drva koje su marljive ruke \u010dlanova izra\u0111ivale tijekom cijele godine na kreativnim radionicama.<\/p>\n<p>Podr\u0161ku radu Udruge iskazali su i brojni gosti koji su obi\u0161li \u0161tand: Ljiljana Sladovi\u0107 Nini\u0107 , na\u010delnica Odjela rje\u0161avanja o pravima u drugom stupnju u Sredi\u0161noj slu\u017ebi Hrvatskog zavoda za mirovinsko osiguranje, Adrijana Prijovi\u0107 Car,\u00a0pravnica, ina\u010de vanjska stru\u010dna suradnica iz HZMO-a Podru\u010dni ured Rijeka, potom stru\u010dna slu\u017eba Hrvatskog saveza udruga invalida rada, kolege iz UIR-a: Kri\u017eevci, Virovitica, Duga Resa, te mnogobrojni \u010dlanovi i gra\u0111ani.<\/p>\n<p>Osim promocije kreativnosti, bila je to prilika i za razmjenu iskustava te informiranje javnosti o izazovima s kojima se invalidi rada svakodnevno susre\u0107u, s posebnim naglaskom na pristupa\u010dnost i ravnopravno zapo\u0161ljavanje.<\/p>\n\n\t\t<style>\n\t\t\t#gallery-1 {\n\t\t\t\tmargin: auto;\n\t\t\t}\n\t\t\t#gallery-1 .gallery-item {\n\t\t\t\tfloat: left;\n\t\t\t\tmargin-top: 10px;\n\t\t\t\ttext-align: center;\n\t\t\t\twidth: 33%;\n\t\t\t}\n\t\t\t#gallery-1 img {\n\t\t\t\tborder: 2px solid #cfcfcf;\n\t\t\t}\n\t\t\t#gallery-1 .gallery-caption {\n\t\t\t\tmargin-left: 0;\n\t\t\t}\n\t\t\t\/* see gallery_shortcode() in wp-includes\/media.php *\/\n\t\t<\/style>\n\t\t<div id='gallery-1' class='gallery galleryid-1555 gallery-columns-3 gallery-size-thumbnail'><dl class='gallery-item'>\n\t\t\t<dt class='gallery-icon landscape'>\n\t\t\t\t<a href='https:\/\/uir-ri.hr\/wp-content\/uploads\/2026\/03\/0a035e6b-a2b8-4f92-8bc4-03d3ecfec763.jpg' title=\"\" data-rl_title=\"\" class=\"rl-gallery-link\" data-rl_caption=\"\" data-rel=\"lightbox-gallery-1\"><img loading=\"lazy\" decoding=\"async\" width=\"150\" height=\"150\" src=\"https:\/\/uir-ri.hr\/wp-content\/uploads\/2026\/03\/0a035e6b-a2b8-4f92-8bc4-03d3ecfec763-150x150.jpg\" class=\"attachment-thumbnail size-thumbnail\" alt=\"\" srcset=\"https:\/\/uir-ri.hr\/wp-content\/uploads\/2026\/03\/0a035e6b-a2b8-4f92-8bc4-03d3ecfec763-150x150.jpg 150w, https:\/\/uir-ri.hr\/wp-content\/uploads\/2026\/03\/0a035e6b-a2b8-4f92-8bc4-03d3ecfec763-80x80.jpg 80w, https:\/\/uir-ri.hr\/wp-content\/uploads\/2026\/03\/0a035e6b-a2b8-4f92-8bc4-03d3ecfec763-320x320.jpg 320w\" sizes=\"auto, (max-width: 150px) 100vw, 150px\" \/><\/a>\n\t\t\t<\/dt><\/dl><dl class='gallery-item'>\n\t\t\t<dt class='gallery-icon landscape'>\n\t\t\t\t<a href='https:\/\/uir-ri.hr\/wp-content\/uploads\/2026\/03\/6ceac914-8006-4cab-98d2-d24e9f220d42.jpg' title=\"\" data-rl_title=\"\" class=\"rl-gallery-link\" data-rl_caption=\"\" data-rel=\"lightbox-gallery-1\"><img loading=\"lazy\" decoding=\"async\" width=\"150\" height=\"150\" src=\"https:\/\/uir-ri.hr\/wp-content\/uploads\/2026\/03\/6ceac914-8006-4cab-98d2-d24e9f220d42-150x150.jpg\" class=\"attachment-thumbnail size-thumbnail\" alt=\"\" srcset=\"https:\/\/uir-ri.hr\/wp-content\/uploads\/2026\/03\/6ceac914-8006-4cab-98d2-d24e9f220d42-150x150.jpg 150w, https:\/\/uir-ri.hr\/wp-content\/uploads\/2026\/03\/6ceac914-8006-4cab-98d2-d24e9f220d42-80x80.jpg 80w, https:\/\/uir-ri.hr\/wp-content\/uploads\/2026\/03\/6ceac914-8006-4cab-98d2-d24e9f220d42-320x320.jpg 320w\" sizes=\"auto, (max-width: 150px) 100vw, 150px\" \/><\/a>\n\t\t\t<\/dt><\/dl><dl class='gallery-item'>\n\t\t\t<dt class='gallery-icon landscape'>\n\t\t\t\t<a href='https:\/\/uir-ri.hr\/wp-content\/uploads\/2026\/03\/85aa14b3-341a-42e6-bce5-14366921ad98.jpg' title=\"\" data-rl_title=\"\" class=\"rl-gallery-link\" data-rl_caption=\"\" data-rel=\"lightbox-gallery-1\"><img loading=\"lazy\" decoding=\"async\" width=\"150\" height=\"150\" src=\"https:\/\/uir-ri.hr\/wp-content\/uploads\/2026\/03\/85aa14b3-341a-42e6-bce5-14366921ad98-150x150.jpg\" class=\"attachment-thumbnail size-thumbnail\" alt=\"\" srcset=\"https:\/\/uir-ri.hr\/wp-content\/uploads\/2026\/03\/85aa14b3-341a-42e6-bce5-14366921ad98-150x150.jpg 150w, https:\/\/uir-ri.hr\/wp-content\/uploads\/2026\/03\/85aa14b3-341a-42e6-bce5-14366921ad98-80x80.jpg 80w, https:\/\/uir-ri.hr\/wp-content\/uploads\/2026\/03\/85aa14b3-341a-42e6-bce5-14366921ad98-320x320.jpg 320w\" sizes=\"auto, (max-width: 150px) 100vw, 150px\" \/><\/a>\n\t\t\t<\/dt><\/dl><br style=\"clear: both\" \/><dl class='gallery-item'>\n\t\t\t<dt class='gallery-icon landscape'>\n\t\t\t\t<a href='https:\/\/uir-ri.hr\/wp-content\/uploads\/2026\/03\/69402fbf-85fb-48a5-8706-6b0bdd04a779.jpg' title=\"\" data-rl_title=\"\" class=\"rl-gallery-link\" data-rl_caption=\"\" data-rel=\"lightbox-gallery-1\"><img loading=\"lazy\" decoding=\"async\" width=\"150\" height=\"150\" src=\"https:\/\/uir-ri.hr\/wp-content\/uploads\/2026\/03\/69402fbf-85fb-48a5-8706-6b0bdd04a779-150x150.jpg\" class=\"attachment-thumbnail size-thumbnail\" alt=\"\" srcset=\"https:\/\/uir-ri.hr\/wp-content\/uploads\/2026\/03\/69402fbf-85fb-48a5-8706-6b0bdd04a779-150x150.jpg 150w, https:\/\/uir-ri.hr\/wp-content\/uploads\/2026\/03\/69402fbf-85fb-48a5-8706-6b0bdd04a779-80x80.jpg 80w, https:\/\/uir-ri.hr\/wp-content\/uploads\/2026\/03\/69402fbf-85fb-48a5-8706-6b0bdd04a779-320x320.jpg 320w\" sizes=\"auto, (max-width: 150px) 100vw, 150px\" \/><\/a>\n\t\t\t<\/dt><\/dl><dl class='gallery-item'>\n\t\t\t<dt class='gallery-icon landscape'>\n\t\t\t\t<a href='https:\/\/uir-ri.hr\/wp-content\/uploads\/2026\/03\/IMG-de8b0567530641b00fd8528dde645758-V.jpg' title=\"\" data-rl_title=\"\" class=\"rl-gallery-link\" data-rl_caption=\"\" data-rel=\"lightbox-gallery-1\"><img loading=\"lazy\" decoding=\"async\" width=\"150\" height=\"150\" src=\"https:\/\/uir-ri.hr\/wp-content\/uploads\/2026\/03\/IMG-de8b0567530641b00fd8528dde645758-V-150x150.jpg\" class=\"attachment-thumbnail size-thumbnail\" alt=\"\" srcset=\"https:\/\/uir-ri.hr\/wp-content\/uploads\/2026\/03\/IMG-de8b0567530641b00fd8528dde645758-V-150x150.jpg 150w, https:\/\/uir-ri.hr\/wp-content\/uploads\/2026\/03\/IMG-de8b0567530641b00fd8528dde645758-V-80x80.jpg 80w, https:\/\/uir-ri.hr\/wp-content\/uploads\/2026\/03\/IMG-de8b0567530641b00fd8528dde645758-V-320x320.jpg 320w\" sizes=\"auto, (max-width: 150px) 100vw, 150px\" \/><\/a>\n\t\t\t<\/dt><\/dl><dl class='gallery-item'>\n\t\t\t<dt class='gallery-icon portrait'>\n\t\t\t\t<a href='https:\/\/uir-ri.hr\/wp-content\/uploads\/2026\/03\/IMG-775512e97b861f704aea0b5463b585ee-V.jpg' title=\"\" data-rl_title=\"\" class=\"rl-gallery-link\" data-rl_caption=\"\" data-rel=\"lightbox-gallery-1\"><img loading=\"lazy\" decoding=\"async\" width=\"150\" height=\"150\" src=\"https:\/\/uir-ri.hr\/wp-content\/uploads\/2026\/03\/IMG-775512e97b861f704aea0b5463b585ee-V-150x150.jpg\" class=\"attachment-thumbnail size-thumbnail\" alt=\"\" srcset=\"https:\/\/uir-ri.hr\/wp-content\/uploads\/2026\/03\/IMG-775512e97b861f704aea0b5463b585ee-V-150x150.jpg 150w, https:\/\/uir-ri.hr\/wp-content\/uploads\/2026\/03\/IMG-775512e97b861f704aea0b5463b585ee-V-80x80.jpg 80w, https:\/\/uir-ri.hr\/wp-content\/uploads\/2026\/03\/IMG-775512e97b861f704aea0b5463b585ee-V-320x320.jpg 320w\" sizes=\"auto, (max-width: 150px) 100vw, 150px\" \/><\/a>\n\t\t\t<\/dt><\/dl><br style=\"clear: both\" \/>\n\t\t<\/div>\n\n<p>&nbsp;<\/p>\n","protected":false},"excerpt":{"rendered":"<p>Udruga invalida rada Rijeka bila je doma\u0107in ovogodi\u0161njeg obilje\u017eavanja Nacionalnog dana invalida rada koji se u organizaciji Hrvatskog saveza udruga invalida rada i pod pokroviteljstvom Grada Rijeke odr\u017ealo u Gradskoj vije\u0107nici. Sredi\u0161nji dio programa&#46;&#46;&#46;<\/p>\n","protected":false},"author":2,"featured_media":1557,"comment_status":"closed","ping_status":"closed","sticky":false,"template":"","format":"standard","meta":{"footnotes":""},"categories":[1],"tags":[],"class_list":["post-1555","post","type-post","status-publish","format-standard","has-post-thumbnail","hentry","category-vijesti"],"yoast_head":"<!-- This site is optimized with the Yoast SEO plugin v25.0 - https:\/\/yoast.com\/wordpress\/plugins\/seo\/ -->\n<title>U Rijeci obilje\u017een Nacionalni dan invalida rada - Udruga invalida rada Rijeka<\/title>\n<meta name=\"robots\" content=\"index, follow, max-snippet:-1, max-image-preview:large, max-video-preview:-1\" \/>\n<link rel=\"canonical\" href=\"https:\/\/uir-ri.hr\/?p=1555\" \/>\n<meta property=\"og:locale\" content=\"hr_HR\" \/>\n<meta property=\"og:type\" content=\"article\" \/>\n<meta property=\"og:title\" content=\"U Rijeci obilje\u017een Nacionalni dan invalida rada - Udruga invalida rada Rijeka\" \/>\n<meta property=\"og:description\" content=\"Udruga invalida rada Rijeka bila je doma\u0107in ovogodi\u0161njeg obilje\u017eavanja Nacionalnog dana invalida rada koji se u organizaciji Hrvatskog saveza udruga invalida rada i pod pokroviteljstvom Grada Rijeke odr\u017ealo u Gradskoj vije\u0107nici. Sredi\u0161nji dio programa&#046;&#046;&#046;\" \/>\n<meta property=\"og:url\" content=\"https:\/\/uir-ri.hr\/?p=1555\" \/>\n<meta property=\"og:site_name\" content=\"Udruga invalida rada Rijeka\" \/>\n<meta property=\"article:published_time\" content=\"2026-03-20T14:13:46+00:00\" \/>\n<meta property=\"article:modified_time\" content=\"2026-03-20T14:15:58+00:00\" \/>\n<meta property=\"og:image\" content=\"https:\/\/uir-ri.hr\/wp-content\/uploads\/2026\/03\/IMG-de8b0567530641b00fd8528dde645758-V.jpg\" \/>\n\t<meta property=\"og:image:width\" content=\"1487\" \/>\n\t<meta property=\"og:image:height\" content=\"1301\" \/>\n\t<meta property=\"og:image:type\" content=\"image\/jpeg\" \/>\n<meta name=\"author\" content=\"uir\" \/>\n<meta name=\"twitter:card\" content=\"summary_large_image\" \/>\n<meta name=\"twitter:label1\" content=\"Napisao\/la\" \/>\n\t<meta name=\"twitter:data1\" content=\"uir\" \/>\n\t<meta name=\"twitter:label2\" content=\"Procijenjeno vrijeme \u010ditanja\" \/>\n\t<meta name=\"twitter:data2\" content=\"2 minute\" \/>\n<script type=\"application\/ld+json\" class=\"yoast-schema-graph\">{\"@context\":\"https:\/\/schema.org\",\"@graph\":[{\"@type\":\"Article\",\"@id\":\"https:\/\/uir-ri.hr\/?p=1555#article\",\"isPartOf\":{\"@id\":\"https:\/\/uir-ri.hr\/?p=1555\"},\"author\":{\"name\":\"uir\",\"@id\":\"https:\/\/uir-ri.hr\/#\/schema\/person\/1daea4437933e995bef9aec7c894432e\"},\"headline\":\"U Rijeci obilje\u017een Nacionalni dan invalida rada\",\"datePublished\":\"2026-03-20T14:13:46+00:00\",\"dateModified\":\"2026-03-20T14:15:58+00:00\",\"mainEntityOfPage\":{\"@id\":\"https:\/\/uir-ri.hr\/?p=1555\"},\"wordCount\":359,\"publisher\":{\"@id\":\"https:\/\/uir-ri.hr\/#organization\"},\"image\":{\"@id\":\"https:\/\/uir-ri.hr\/?p=1555#primaryimage\"},\"thumbnailUrl\":\"https:\/\/uir-ri.hr\/wp-content\/uploads\/2026\/03\/IMG-de8b0567530641b00fd8528dde645758-V.jpg\",\"articleSection\":[\"Vijesti\"],\"inLanguage\":\"hr\"},{\"@type\":\"WebPage\",\"@id\":\"https:\/\/uir-ri.hr\/?p=1555\",\"url\":\"https:\/\/uir-ri.hr\/?p=1555\",\"name\":\"U Rijeci obilje\u017een Nacionalni dan invalida rada - Udruga invalida rada Rijeka\",\"isPartOf\":{\"@id\":\"https:\/\/uir-ri.hr\/#website\"},\"primaryImageOfPage\":{\"@id\":\"https:\/\/uir-ri.hr\/?p=1555#primaryimage\"},\"image\":{\"@id\":\"https:\/\/uir-ri.hr\/?p=1555#primaryimage\"},\"thumbnailUrl\":\"https:\/\/uir-ri.hr\/wp-content\/uploads\/2026\/03\/IMG-de8b0567530641b00fd8528dde645758-V.jpg\",\"datePublished\":\"2026-03-20T14:13:46+00:00\",\"dateModified\":\"2026-03-20T14:15:58+00:00\",\"breadcrumb\":{\"@id\":\"https:\/\/uir-ri.hr\/?p=1555#breadcrumb\"},\"inLanguage\":\"hr\",\"potentialAction\":[{\"@type\":\"ReadAction\",\"target\":[\"https:\/\/uir-ri.hr\/?p=1555\"]}]},{\"@type\":\"ImageObject\",\"inLanguage\":\"hr\",\"@id\":\"https:\/\/uir-ri.hr\/?p=1555#primaryimage\",\"url\":\"https:\/\/uir-ri.hr\/wp-content\/uploads\/2026\/03\/IMG-de8b0567530641b00fd8528dde645758-V.jpg\",\"contentUrl\":\"https:\/\/uir-ri.hr\/wp-content\/uploads\/2026\/03\/IMG-de8b0567530641b00fd8528dde645758-V.jpg\",\"width\":1487,\"height\":1301},{\"@type\":\"BreadcrumbList\",\"@id\":\"https:\/\/uir-ri.hr\/?p=1555#breadcrumb\",\"itemListElement\":[{\"@type\":\"ListItem\",\"position\":1,\"name\":\"Po\u010detna stranica\",\"item\":\"https:\/\/uir-ri.hr\/\"},{\"@type\":\"ListItem\",\"position\":2,\"name\":\"U Rijeci obilje\u017een Nacionalni dan invalida rada\"}]},{\"@type\":\"WebSite\",\"@id\":\"https:\/\/uir-ri.hr\/#website\",\"url\":\"https:\/\/uir-ri.hr\/\",\"name\":\"Udruga invalida rada Rijeka\",\"description\":\"Slu\u017ebene stranice\",\"publisher\":{\"@id\":\"https:\/\/uir-ri.hr\/#organization\"},\"potentialAction\":[{\"@type\":\"SearchAction\",\"target\":{\"@type\":\"EntryPoint\",\"urlTemplate\":\"https:\/\/uir-ri.hr\/?s={search_term_string}\"},\"query-input\":{\"@type\":\"PropertyValueSpecification\",\"valueRequired\":true,\"valueName\":\"search_term_string\"}}],\"inLanguage\":\"hr\"},{\"@type\":\"Organization\",\"@id\":\"https:\/\/uir-ri.hr\/#organization\",\"name\":\"UDRUGA INVALIDA RADA RIJEKA\",\"url\":\"https:\/\/uir-ri.hr\/\",\"logo\":{\"@type\":\"ImageObject\",\"inLanguage\":\"hr\",\"@id\":\"https:\/\/uir-ri.hr\/#\/schema\/logo\/image\/\",\"url\":\"https:\/\/uir-ri.hr\/wp-content\/uploads\/2017\/04\/n_mi_201653124327.png\",\"contentUrl\":\"https:\/\/uir-ri.hr\/wp-content\/uploads\/2017\/04\/n_mi_201653124327.png\",\"width\":324,\"height\":245,\"caption\":\"UDRUGA INVALIDA RADA RIJEKA\"},\"image\":{\"@id\":\"https:\/\/uir-ri.hr\/#\/schema\/logo\/image\/\"}},{\"@type\":\"Person\",\"@id\":\"https:\/\/uir-ri.hr\/#\/schema\/person\/1daea4437933e995bef9aec7c894432e\",\"name\":\"uir\",\"image\":{\"@type\":\"ImageObject\",\"inLanguage\":\"hr\",\"@id\":\"https:\/\/uir-ri.hr\/#\/schema\/person\/image\/\",\"url\":\"https:\/\/secure.gravatar.com\/avatar\/e6b1386950a1f5c1ce514e850bec9a3dda744ae1bb85599e1e931622fadc699b?s=96&d=mm&r=g\",\"contentUrl\":\"https:\/\/secure.gravatar.com\/avatar\/e6b1386950a1f5c1ce514e850bec9a3dda744ae1bb85599e1e931622fadc699b?s=96&d=mm&r=g\",\"caption\":\"uir\"}}]}<\/script>\n<!-- \/ Yoast SEO plugin. -->","yoast_head_json":{"title":"U Rijeci obilje\u017een Nacionalni dan invalida rada - Udruga invalida rada Rijeka","robots":{"index":"index","follow":"follow","max-snippet":"max-snippet:-1","max-image-preview":"max-image-preview:large","max-video-preview":"max-video-preview:-1"},"canonical":"https:\/\/uir-ri.hr\/?p=1555","og_locale":"hr_HR","og_type":"article","og_title":"U Rijeci obilje\u017een Nacionalni dan invalida rada - Udruga invalida rada Rijeka","og_description":"Udruga invalida rada Rijeka bila je doma\u0107in ovogodi\u0161njeg obilje\u017eavanja Nacionalnog dana invalida rada koji se u organizaciji Hrvatskog saveza udruga invalida rada i pod pokroviteljstvom Grada Rijeke odr\u017ealo u Gradskoj vije\u0107nici. Sredi\u0161nji dio programa&#46;&#46;&#46;","og_url":"https:\/\/uir-ri.hr\/?p=1555","og_site_name":"Udruga invalida rada Rijeka","article_published_time":"2026-03-20T14:13:46+00:00","article_modified_time":"2026-03-20T14:15:58+00:00","og_image":[{"width":1487,"height":1301,"url":"https:\/\/uir-ri.hr\/wp-content\/uploads\/2026\/03\/IMG-de8b0567530641b00fd8528dde645758-V.jpg","type":"image\/jpeg"}],"author":"uir","twitter_card":"summary_large_image","twitter_misc":{"Napisao\/la":"uir","Procijenjeno vrijeme \u010ditanja":"2 minute"},"schema":{"@context":"https:\/\/schema.org","@graph":[{"@type":"Article","@id":"https:\/\/uir-ri.hr\/?p=1555#article","isPartOf":{"@id":"https:\/\/uir-ri.hr\/?p=1555"},"author":{"name":"uir","@id":"https:\/\/uir-ri.hr\/#\/schema\/person\/1daea4437933e995bef9aec7c894432e"},"headline":"U Rijeci obilje\u017een Nacionalni dan invalida rada","datePublished":"2026-03-20T14:13:46+00:00","dateModified":"2026-03-20T14:15:58+00:00","mainEntityOfPage":{"@id":"https:\/\/uir-ri.hr\/?p=1555"},"wordCount":359,"publisher":{"@id":"https:\/\/uir-ri.hr\/#organization"},"image":{"@id":"https:\/\/uir-ri.hr\/?p=1555#primaryimage"},"thumbnailUrl":"https:\/\/uir-ri.hr\/wp-content\/uploads\/2026\/03\/IMG-de8b0567530641b00fd8528dde645758-V.jpg","articleSection":["Vijesti"],"inLanguage":"hr"},{"@type":"WebPage","@id":"https:\/\/uir-ri.hr\/?p=1555","url":"https:\/\/uir-ri.hr\/?p=1555","name":"U Rijeci obilje\u017een Nacionalni dan invalida rada - Udruga invalida rada Rijeka","isPartOf":{"@id":"https:\/\/uir-ri.hr\/#website"},"primaryImageOfPage":{"@id":"https:\/\/uir-ri.hr\/?p=1555#primaryimage"},"image":{"@id":"https:\/\/uir-ri.hr\/?p=1555#primaryimage"},"thumbnailUrl":"https:\/\/uir-ri.hr\/wp-content\/uploads\/2026\/03\/IMG-de8b0567530641b00fd8528dde645758-V.jpg","datePublished":"2026-03-20T14:13:46+00:00","dateModified":"2026-03-20T14:15:58+00:00","breadcrumb":{"@id":"https:\/\/uir-ri.hr\/?p=1555#breadcrumb"},"inLanguage":"hr","potentialAction":[{"@type":"ReadAction","target":["https:\/\/uir-ri.hr\/?p=1555"]}]},{"@type":"ImageObject","inLanguage":"hr","@id":"https:\/\/uir-ri.hr\/?p=1555#primaryimage","url":"https:\/\/uir-ri.hr\/wp-content\/uploads\/2026\/03\/IMG-de8b0567530641b00fd8528dde645758-V.jpg","contentUrl":"https:\/\/uir-ri.hr\/wp-content\/uploads\/2026\/03\/IMG-de8b0567530641b00fd8528dde645758-V.jpg","width":1487,"height":1301},{"@type":"BreadcrumbList","@id":"https:\/\/uir-ri.hr\/?p=1555#breadcrumb","itemListElement":[{"@type":"ListItem","position":1,"name":"Po\u010detna stranica","item":"https:\/\/uir-ri.hr\/"},{"@type":"ListItem","position":2,"name":"U Rijeci obilje\u017een Nacionalni dan invalida rada"}]},{"@type":"WebSite","@id":"https:\/\/uir-ri.hr\/#website","url":"https:\/\/uir-ri.hr\/","name":"Udruga invalida rada Rijeka","description":"Slu\u017ebene stranice","publisher":{"@id":"https:\/\/uir-ri.hr\/#organization"},"potentialAction":[{"@type":"SearchAction","target":{"@type":"EntryPoint","urlTemplate":"https:\/\/uir-ri.hr\/?s={search_term_string}"},"query-input":{"@type":"PropertyValueSpecification","valueRequired":true,"valueName":"search_term_string"}}],"inLanguage":"hr"},{"@type":"Organization","@id":"https:\/\/uir-ri.hr\/#organization","name":"UDRUGA INVALIDA RADA RIJEKA","url":"https:\/\/uir-ri.hr\/","logo":{"@type":"ImageObject","inLanguage":"hr","@id":"https:\/\/uir-ri.hr\/#\/schema\/logo\/image\/","url":"https:\/\/uir-ri.hr\/wp-content\/uploads\/2017\/04\/n_mi_201653124327.png","contentUrl":"https:\/\/uir-ri.hr\/wp-content\/uploads\/2017\/04\/n_mi_201653124327.png","width":324,"height":245,"caption":"UDRUGA INVALIDA RADA RIJEKA"},"image":{"@id":"https:\/\/uir-ri.hr\/#\/schema\/logo\/image\/"}},{"@type":"Person","@id":"https:\/\/uir-ri.hr\/#\/schema\/person\/1daea4437933e995bef9aec7c894432e","name":"uir","image":{"@type":"ImageObject","inLanguage":"hr","@id":"https:\/\/uir-ri.hr\/#\/schema\/person\/image\/","url":"https:\/\/secure.gravatar.com\/avatar\/e6b1386950a1f5c1ce514e850bec9a3dda744ae1bb85599e1e931622fadc699b?s=96&d=mm&r=g","contentUrl":"https:\/\/secure.gravatar.com\/avatar\/e6b1386950a1f5c1ce514e850bec9a3dda744ae1bb85599e1e931622fadc699b?s=96&d=mm&r=g","caption":"uir"}}]}},"_links":{"self":[{"href":"https:\/\/uir-ri.hr\/index.php?rest_route=\/wp\/v2\/posts\/1555","targetHints":{"allow":["GET"]}}],"collection":[{"href":"https:\/\/uir-ri.hr\/index.php?rest_route=\/wp\/v2\/posts"}],"about":[{"href":"https:\/\/uir-ri.hr\/index.php?rest_route=\/wp\/v2\/types\/post"}],"author":[{"embeddable":true,"href":"https:\/\/uir-ri.hr\/index.php?rest_route=\/wp\/v2\/users\/2"}],"replies":[{"embeddable":true,"href":"https:\/\/uir-ri.hr\/index.php?rest_route=%2Fwp%2Fv2%2Fcomments&post=1555"}],"version-history":[{"count":3,"href":"https:\/\/uir-ri.hr\/index.php?rest_route=\/wp\/v2\/posts\/1555\/revisions"}],"predecessor-version":[{"id":1564,"href":"https:\/\/uir-ri.hr\/index.php?rest_route=\/wp\/v2\/posts\/1555\/revisions\/1564"}],"wp:featuredmedia":[{"embeddable":true,"href":"https:\/\/uir-ri.hr\/index.php?rest_route=\/wp\/v2\/media\/1557"}],"wp:attachment":[{"href":"https:\/\/uir-ri.hr\/index.php?rest_route=%2Fwp%2Fv2%2Fmedia&parent=1555"}],"wp:term":[{"taxonomy":"category","embeddable":true,"href":"https:\/\/uir-ri.hr\/index.php?rest_route=%2Fwp%2Fv2%2Fcategories&post=1555"},{"taxonomy":"post_tag","embeddable":true,"href":"https:\/\/uir-ri.hr\/index.php?rest_route=%2Fwp%2Fv2%2Ftags&post=1555"}],"curies":[{"name":"wp","href":"https:\/\/api.w.org\/{rel}","templated":true}]}}