{"id":1634,"date":"2026-04-24T11:56:01","date_gmt":"2026-04-24T09:56:01","guid":{"rendered":"https:\/\/uir-ri.hr\/?p=1634"},"modified":"2026-04-24T11:57:09","modified_gmt":"2026-04-24T09:57:09","slug":"piknik-platak","status":"publish","type":"post","link":"https:\/\/uir-ri.hr\/?p=1634","title":{"rendered":"Piknik Platak"},"content":{"rendered":"<p data-start=\"65\" data-end=\"357\">U organizaciji <span class=\"hover:entity-accent entity-underline inline cursor-pointer align-baseline\"><span class=\"whitespace-normal\">Udruga invalida rada Rijeka<\/span><\/span> odr\u017ean je izlet i piknik na <span class=\"hover:entity-accent entity-underline inline cursor-pointer align-baseline\"><span class=\"whitespace-normal\">Platak<\/span><\/span>, jednom od omiljenih izleti\u0161ta rije\u010dkog podru\u010dja. Aktivnost je okupila \u010dlanove Udruge s ciljem dru\u017eenja, boravka na svje\u017eem zraku te ja\u010danja me\u0111usobnih odnosa i zajedni\u0161tva.<\/p>\n<p data-start=\"359\" data-end=\"602\">Sudionici su proveli ugodan dan u prirodnom okru\u017eenju, uz zajedni\u010dki obrok, razgovor i rekreaciju. Boravak u prirodi i ovakvi susreti doprinose o\u010duvanju psihofizi\u010dkog zdravlja, socijalnoj uklju\u010denosti te kvaliteti \u017eivota osoba s invaliditetom.<\/p>\n<p data-start=\"604\" data-end=\"759\">Platak se i ovoga puta pokazao kao izvrsna lokacija za provo\u0111enje ovakvih aktivnosti zahvaljuju\u0107i pristupa\u010dnom prostoru, svje\u017eem zraku i ugodnom ambijentu.<\/p>\n<p data-start=\"761\" data-end=\"975\" data-is-last-node=\"\" data-is-only-node=\"\">Udruga invalida rada Rijeka nastavlja provoditi aktivnosti usmjerene na pobolj\u0161anje kvalitete \u017eivota svojih \u010dlanova, poticanje aktivnog sudjelovanja u zajednici te stvaranje prilika za dru\u017eenje i me\u0111usobnu podr\u0161ku.<\/p>\n\n\t\t<style>\n\t\t\t#gallery-1 {\n\t\t\t\tmargin: auto;\n\t\t\t}\n\t\t\t#gallery-1 .gallery-item {\n\t\t\t\tfloat: left;\n\t\t\t\tmargin-top: 10px;\n\t\t\t\ttext-align: center;\n\t\t\t\twidth: 33%;\n\t\t\t}\n\t\t\t#gallery-1 img {\n\t\t\t\tborder: 2px solid #cfcfcf;\n\t\t\t}\n\t\t\t#gallery-1 .gallery-caption {\n\t\t\t\tmargin-left: 0;\n\t\t\t}\n\t\t\t\/* see gallery_shortcode() in wp-includes\/media.php *\/\n\t\t<\/style>\n\t\t<div id='gallery-1' class='gallery galleryid-1634 gallery-columns-3 gallery-size-thumbnail'><dl class='gallery-item'>\n\t\t\t<dt class='gallery-icon landscape'>\n\t\t\t\t<a href='https:\/\/uir-ri.hr\/wp-content\/uploads\/2026\/04\/0e3e855a-e367-410e-9edd-688e1842aa33.jpg' title=\"\" data-rl_title=\"\" class=\"rl-gallery-link\" data-rl_caption=\"\" data-rel=\"lightbox-gallery-1\"><img loading=\"lazy\" decoding=\"async\" width=\"150\" height=\"150\" src=\"https:\/\/uir-ri.hr\/wp-content\/uploads\/2026\/04\/0e3e855a-e367-410e-9edd-688e1842aa33-150x150.jpg\" class=\"attachment-thumbnail size-thumbnail\" alt=\"\" srcset=\"https:\/\/uir-ri.hr\/wp-content\/uploads\/2026\/04\/0e3e855a-e367-410e-9edd-688e1842aa33-150x150.jpg 150w, https:\/\/uir-ri.hr\/wp-content\/uploads\/2026\/04\/0e3e855a-e367-410e-9edd-688e1842aa33-80x80.jpg 80w, https:\/\/uir-ri.hr\/wp-content\/uploads\/2026\/04\/0e3e855a-e367-410e-9edd-688e1842aa33-320x320.jpg 320w\" sizes=\"auto, (max-width: 150px) 100vw, 150px\" \/><\/a>\n\t\t\t<\/dt><\/dl><dl class='gallery-item'>\n\t\t\t<dt class='gallery-icon landscape'>\n\t\t\t\t<a href='https:\/\/uir-ri.hr\/wp-content\/uploads\/2026\/04\/4c8ead29-69fc-4932-a428-60b22e4e8de5.jpg' title=\"\" data-rl_title=\"\" class=\"rl-gallery-link\" data-rl_caption=\"\" data-rel=\"lightbox-gallery-1\"><img loading=\"lazy\" decoding=\"async\" width=\"150\" height=\"150\" src=\"https:\/\/uir-ri.hr\/wp-content\/uploads\/2026\/04\/4c8ead29-69fc-4932-a428-60b22e4e8de5-150x150.jpg\" class=\"attachment-thumbnail size-thumbnail\" alt=\"\" srcset=\"https:\/\/uir-ri.hr\/wp-content\/uploads\/2026\/04\/4c8ead29-69fc-4932-a428-60b22e4e8de5-150x150.jpg 150w, https:\/\/uir-ri.hr\/wp-content\/uploads\/2026\/04\/4c8ead29-69fc-4932-a428-60b22e4e8de5-80x80.jpg 80w, https:\/\/uir-ri.hr\/wp-content\/uploads\/2026\/04\/4c8ead29-69fc-4932-a428-60b22e4e8de5-320x320.jpg 320w\" sizes=\"auto, (max-width: 150px) 100vw, 150px\" \/><\/a>\n\t\t\t<\/dt><\/dl><dl class='gallery-item'>\n\t\t\t<dt class='gallery-icon landscape'>\n\t\t\t\t<a href='https:\/\/uir-ri.hr\/wp-content\/uploads\/2026\/04\/8b498456-43c0-48ac-b4fb-3e6732260732.jpg' title=\"\" data-rl_title=\"\" class=\"rl-gallery-link\" data-rl_caption=\"\" data-rel=\"lightbox-gallery-1\"><img loading=\"lazy\" decoding=\"async\" width=\"150\" height=\"150\" src=\"https:\/\/uir-ri.hr\/wp-content\/uploads\/2026\/04\/8b498456-43c0-48ac-b4fb-3e6732260732-150x150.jpg\" class=\"attachment-thumbnail size-thumbnail\" alt=\"\" srcset=\"https:\/\/uir-ri.hr\/wp-content\/uploads\/2026\/04\/8b498456-43c0-48ac-b4fb-3e6732260732-150x150.jpg 150w, https:\/\/uir-ri.hr\/wp-content\/uploads\/2026\/04\/8b498456-43c0-48ac-b4fb-3e6732260732-80x80.jpg 80w, https:\/\/uir-ri.hr\/wp-content\/uploads\/2026\/04\/8b498456-43c0-48ac-b4fb-3e6732260732-320x320.jpg 320w\" sizes=\"auto, (max-width: 150px) 100vw, 150px\" \/><\/a>\n\t\t\t<\/dt><\/dl><br style=\"clear: both\" \/><dl class='gallery-item'>\n\t\t\t<dt class='gallery-icon landscape'>\n\t\t\t\t<a href='https:\/\/uir-ri.hr\/wp-content\/uploads\/2026\/04\/9cc14067-99b5-4602-8d33-cf6c942f4e08.jpg' title=\"\" data-rl_title=\"\" class=\"rl-gallery-link\" data-rl_caption=\"\" data-rel=\"lightbox-gallery-1\"><img loading=\"lazy\" decoding=\"async\" width=\"150\" height=\"150\" src=\"https:\/\/uir-ri.hr\/wp-content\/uploads\/2026\/04\/9cc14067-99b5-4602-8d33-cf6c942f4e08-150x150.jpg\" class=\"attachment-thumbnail size-thumbnail\" alt=\"\" srcset=\"https:\/\/uir-ri.hr\/wp-content\/uploads\/2026\/04\/9cc14067-99b5-4602-8d33-cf6c942f4e08-150x150.jpg 150w, https:\/\/uir-ri.hr\/wp-content\/uploads\/2026\/04\/9cc14067-99b5-4602-8d33-cf6c942f4e08-80x80.jpg 80w, https:\/\/uir-ri.hr\/wp-content\/uploads\/2026\/04\/9cc14067-99b5-4602-8d33-cf6c942f4e08-320x320.jpg 320w\" sizes=\"auto, (max-width: 150px) 100vw, 150px\" \/><\/a>\n\t\t\t<\/dt><\/dl><dl class='gallery-item'>\n\t\t\t<dt class='gallery-icon landscape'>\n\t\t\t\t<a href='https:\/\/uir-ri.hr\/wp-content\/uploads\/2026\/04\/48bda939-b022-479c-8012-b06559f87d5b.jpg' title=\"\" data-rl_title=\"\" class=\"rl-gallery-link\" data-rl_caption=\"\" data-rel=\"lightbox-gallery-1\"><img loading=\"lazy\" decoding=\"async\" width=\"150\" height=\"150\" src=\"https:\/\/uir-ri.hr\/wp-content\/uploads\/2026\/04\/48bda939-b022-479c-8012-b06559f87d5b-150x150.jpg\" class=\"attachment-thumbnail size-thumbnail\" alt=\"\" srcset=\"https:\/\/uir-ri.hr\/wp-content\/uploads\/2026\/04\/48bda939-b022-479c-8012-b06559f87d5b-150x150.jpg 150w, https:\/\/uir-ri.hr\/wp-content\/uploads\/2026\/04\/48bda939-b022-479c-8012-b06559f87d5b-80x80.jpg 80w, https:\/\/uir-ri.hr\/wp-content\/uploads\/2026\/04\/48bda939-b022-479c-8012-b06559f87d5b-320x320.jpg 320w\" sizes=\"auto, (max-width: 150px) 100vw, 150px\" \/><\/a>\n\t\t\t<\/dt><\/dl><dl class='gallery-item'>\n\t\t\t<dt class='gallery-icon landscape'>\n\t\t\t\t<a href='https:\/\/uir-ri.hr\/wp-content\/uploads\/2026\/04\/325af238-237a-4f2b-b481-e3f782d130f0.jpg' title=\"\" data-rl_title=\"\" class=\"rl-gallery-link\" data-rl_caption=\"\" data-rel=\"lightbox-gallery-1\"><img loading=\"lazy\" decoding=\"async\" width=\"150\" height=\"150\" src=\"https:\/\/uir-ri.hr\/wp-content\/uploads\/2026\/04\/325af238-237a-4f2b-b481-e3f782d130f0-150x150.jpg\" class=\"attachment-thumbnail size-thumbnail\" alt=\"\" srcset=\"https:\/\/uir-ri.hr\/wp-content\/uploads\/2026\/04\/325af238-237a-4f2b-b481-e3f782d130f0-150x150.jpg 150w, https:\/\/uir-ri.hr\/wp-content\/uploads\/2026\/04\/325af238-237a-4f2b-b481-e3f782d130f0-80x80.jpg 80w, https:\/\/uir-ri.hr\/wp-content\/uploads\/2026\/04\/325af238-237a-4f2b-b481-e3f782d130f0-320x320.jpg 320w\" sizes=\"auto, (max-width: 150px) 100vw, 150px\" \/><\/a>\n\t\t\t<\/dt><\/dl><br style=\"clear: both\" \/><dl class='gallery-item'>\n\t\t\t<dt class='gallery-icon landscape'>\n\t\t\t\t<a href='https:\/\/uir-ri.hr\/wp-content\/uploads\/2026\/04\/571c4f70-a9a7-4725-a68f-ee266fae5a77.jpg' title=\"\" data-rl_title=\"\" class=\"rl-gallery-link\" data-rl_caption=\"\" data-rel=\"lightbox-gallery-1\"><img loading=\"lazy\" decoding=\"async\" width=\"150\" height=\"150\" src=\"https:\/\/uir-ri.hr\/wp-content\/uploads\/2026\/04\/571c4f70-a9a7-4725-a68f-ee266fae5a77-150x150.jpg\" class=\"attachment-thumbnail size-thumbnail\" alt=\"\" srcset=\"https:\/\/uir-ri.hr\/wp-content\/uploads\/2026\/04\/571c4f70-a9a7-4725-a68f-ee266fae5a77-150x150.jpg 150w, https:\/\/uir-ri.hr\/wp-content\/uploads\/2026\/04\/571c4f70-a9a7-4725-a68f-ee266fae5a77-80x80.jpg 80w, https:\/\/uir-ri.hr\/wp-content\/uploads\/2026\/04\/571c4f70-a9a7-4725-a68f-ee266fae5a77-320x320.jpg 320w\" sizes=\"auto, (max-width: 150px) 100vw, 150px\" \/><\/a>\n\t\t\t<\/dt><\/dl>\n\t\t\t<br style='clear: both' \/>\n\t\t<\/div>\n\n","protected":false},"excerpt":{"rendered":"<p>U organizaciji Udruga invalida rada Rijeka odr\u017ean je izlet i piknik na Platak, jednom od omiljenih izleti\u0161ta rije\u010dkog podru\u010dja. Aktivnost je okupila \u010dlanove Udruge s ciljem dru\u017eenja, boravka na svje\u017eem zraku te ja\u010danja me\u0111usobnih&#46;&#46;&#46;<\/p>\n","protected":false},"author":2,"featured_media":1639,"comment_status":"closed","ping_status":"closed","sticky":false,"template":"","format":"standard","meta":{"footnotes":""},"categories":[1],"tags":[],"class_list":["post-1634","post","type-post","status-publish","format-standard","has-post-thumbnail","hentry","category-vijesti"],"yoast_head":"<!-- This site is optimized with the Yoast SEO plugin v25.0 - https:\/\/yoast.com\/wordpress\/plugins\/seo\/ -->\n<title>Piknik Platak - Udruga invalida rada Rijeka<\/title>\n<meta name=\"robots\" content=\"index, follow, max-snippet:-1, max-image-preview:large, max-video-preview:-1\" \/>\n<link rel=\"canonical\" href=\"https:\/\/uir-ri.hr\/?p=1634\" \/>\n<meta property=\"og:locale\" content=\"hr_HR\" \/>\n<meta property=\"og:type\" content=\"article\" \/>\n<meta property=\"og:title\" content=\"Piknik Platak - Udruga invalida rada Rijeka\" \/>\n<meta property=\"og:description\" content=\"U organizaciji Udruga invalida rada Rijeka odr\u017ean je izlet i piknik na Platak, jednom od omiljenih izleti\u0161ta rije\u010dkog podru\u010dja. Aktivnost je okupila \u010dlanove Udruge s ciljem dru\u017eenja, boravka na svje\u017eem zraku te ja\u010danja me\u0111usobnih&#046;&#046;&#046;\" \/>\n<meta property=\"og:url\" content=\"https:\/\/uir-ri.hr\/?p=1634\" \/>\n<meta property=\"og:site_name\" content=\"Udruga invalida rada Rijeka\" \/>\n<meta property=\"article:published_time\" content=\"2026-04-24T09:56:01+00:00\" \/>\n<meta property=\"article:modified_time\" content=\"2026-04-24T09:57:09+00:00\" \/>\n<meta property=\"og:image\" content=\"https:\/\/uir-ri.hr\/wp-content\/uploads\/2026\/04\/9cc14067-99b5-4602-8d33-cf6c942f4e08.jpg\" \/>\n\t<meta property=\"og:image:width\" content=\"1800\" \/>\n\t<meta property=\"og:image:height\" content=\"1350\" \/>\n\t<meta property=\"og:image:type\" content=\"image\/jpeg\" \/>\n<meta name=\"author\" content=\"uir\" \/>\n<meta name=\"twitter:card\" content=\"summary_large_image\" \/>\n<meta name=\"twitter:label1\" content=\"Napisao\/la\" \/>\n\t<meta name=\"twitter:data1\" content=\"uir\" \/>\n\t<meta name=\"twitter:label2\" content=\"Procijenjeno vrijeme \u010ditanja\" \/>\n\t<meta name=\"twitter:data2\" content=\"1 minuta\" \/>\n<script type=\"application\/ld+json\" class=\"yoast-schema-graph\">{\"@context\":\"https:\/\/schema.org\",\"@graph\":[{\"@type\":\"Article\",\"@id\":\"https:\/\/uir-ri.hr\/?p=1634#article\",\"isPartOf\":{\"@id\":\"https:\/\/uir-ri.hr\/?p=1634\"},\"author\":{\"name\":\"uir\",\"@id\":\"https:\/\/uir-ri.hr\/#\/schema\/person\/1daea4437933e995bef9aec7c894432e\"},\"headline\":\"Piknik Platak\",\"datePublished\":\"2026-04-24T09:56:01+00:00\",\"dateModified\":\"2026-04-24T09:57:09+00:00\",\"mainEntityOfPage\":{\"@id\":\"https:\/\/uir-ri.hr\/?p=1634\"},\"wordCount\":143,\"publisher\":{\"@id\":\"https:\/\/uir-ri.hr\/#organization\"},\"image\":{\"@id\":\"https:\/\/uir-ri.hr\/?p=1634#primaryimage\"},\"thumbnailUrl\":\"https:\/\/uir-ri.hr\/wp-content\/uploads\/2026\/04\/9cc14067-99b5-4602-8d33-cf6c942f4e08.jpg\",\"articleSection\":[\"Vijesti\"],\"inLanguage\":\"hr\"},{\"@type\":\"WebPage\",\"@id\":\"https:\/\/uir-ri.hr\/?p=1634\",\"url\":\"https:\/\/uir-ri.hr\/?p=1634\",\"name\":\"Piknik Platak - Udruga invalida rada Rijeka\",\"isPartOf\":{\"@id\":\"https:\/\/uir-ri.hr\/#website\"},\"primaryImageOfPage\":{\"@id\":\"https:\/\/uir-ri.hr\/?p=1634#primaryimage\"},\"image\":{\"@id\":\"https:\/\/uir-ri.hr\/?p=1634#primaryimage\"},\"thumbnailUrl\":\"https:\/\/uir-ri.hr\/wp-content\/uploads\/2026\/04\/9cc14067-99b5-4602-8d33-cf6c942f4e08.jpg\",\"datePublished\":\"2026-04-24T09:56:01+00:00\",\"dateModified\":\"2026-04-24T09:57:09+00:00\",\"breadcrumb\":{\"@id\":\"https:\/\/uir-ri.hr\/?p=1634#breadcrumb\"},\"inLanguage\":\"hr\",\"potentialAction\":[{\"@type\":\"ReadAction\",\"target\":[\"https:\/\/uir-ri.hr\/?p=1634\"]}]},{\"@type\":\"ImageObject\",\"inLanguage\":\"hr\",\"@id\":\"https:\/\/uir-ri.hr\/?p=1634#primaryimage\",\"url\":\"https:\/\/uir-ri.hr\/wp-content\/uploads\/2026\/04\/9cc14067-99b5-4602-8d33-cf6c942f4e08.jpg\",\"contentUrl\":\"https:\/\/uir-ri.hr\/wp-content\/uploads\/2026\/04\/9cc14067-99b5-4602-8d33-cf6c942f4e08.jpg\",\"width\":1800,\"height\":1350},{\"@type\":\"BreadcrumbList\",\"@id\":\"https:\/\/uir-ri.hr\/?p=1634#breadcrumb\",\"itemListElement\":[{\"@type\":\"ListItem\",\"position\":1,\"name\":\"Po\u010detna stranica\",\"item\":\"https:\/\/uir-ri.hr\/\"},{\"@type\":\"ListItem\",\"position\":2,\"name\":\"Piknik Platak\"}]},{\"@type\":\"WebSite\",\"@id\":\"https:\/\/uir-ri.hr\/#website\",\"url\":\"https:\/\/uir-ri.hr\/\",\"name\":\"Udruga invalida rada Rijeka\",\"description\":\"Slu\u017ebene stranice\",\"publisher\":{\"@id\":\"https:\/\/uir-ri.hr\/#organization\"},\"potentialAction\":[{\"@type\":\"SearchAction\",\"target\":{\"@type\":\"EntryPoint\",\"urlTemplate\":\"https:\/\/uir-ri.hr\/?s={search_term_string}\"},\"query-input\":{\"@type\":\"PropertyValueSpecification\",\"valueRequired\":true,\"valueName\":\"search_term_string\"}}],\"inLanguage\":\"hr\"},{\"@type\":\"Organization\",\"@id\":\"https:\/\/uir-ri.hr\/#organization\",\"name\":\"UDRUGA INVALIDA RADA RIJEKA\",\"url\":\"https:\/\/uir-ri.hr\/\",\"logo\":{\"@type\":\"ImageObject\",\"inLanguage\":\"hr\",\"@id\":\"https:\/\/uir-ri.hr\/#\/schema\/logo\/image\/\",\"url\":\"https:\/\/uir-ri.hr\/wp-content\/uploads\/2017\/04\/n_mi_201653124327.png\",\"contentUrl\":\"https:\/\/uir-ri.hr\/wp-content\/uploads\/2017\/04\/n_mi_201653124327.png\",\"width\":324,\"height\":245,\"caption\":\"UDRUGA INVALIDA RADA RIJEKA\"},\"image\":{\"@id\":\"https:\/\/uir-ri.hr\/#\/schema\/logo\/image\/\"}},{\"@type\":\"Person\",\"@id\":\"https:\/\/uir-ri.hr\/#\/schema\/person\/1daea4437933e995bef9aec7c894432e\",\"name\":\"uir\",\"image\":{\"@type\":\"ImageObject\",\"inLanguage\":\"hr\",\"@id\":\"https:\/\/uir-ri.hr\/#\/schema\/person\/image\/\",\"url\":\"https:\/\/secure.gravatar.com\/avatar\/e6b1386950a1f5c1ce514e850bec9a3dda744ae1bb85599e1e931622fadc699b?s=96&d=mm&r=g\",\"contentUrl\":\"https:\/\/secure.gravatar.com\/avatar\/e6b1386950a1f5c1ce514e850bec9a3dda744ae1bb85599e1e931622fadc699b?s=96&d=mm&r=g\",\"caption\":\"uir\"}}]}<\/script>\n<!-- \/ Yoast SEO plugin. -->","yoast_head_json":{"title":"Piknik Platak - Udruga invalida rada Rijeka","robots":{"index":"index","follow":"follow","max-snippet":"max-snippet:-1","max-image-preview":"max-image-preview:large","max-video-preview":"max-video-preview:-1"},"canonical":"https:\/\/uir-ri.hr\/?p=1634","og_locale":"hr_HR","og_type":"article","og_title":"Piknik Platak - Udruga invalida rada Rijeka","og_description":"U organizaciji Udruga invalida rada Rijeka odr\u017ean je izlet i piknik na Platak, jednom od omiljenih izleti\u0161ta rije\u010dkog podru\u010dja. Aktivnost je okupila \u010dlanove Udruge s ciljem dru\u017eenja, boravka na svje\u017eem zraku te ja\u010danja me\u0111usobnih&#46;&#46;&#46;","og_url":"https:\/\/uir-ri.hr\/?p=1634","og_site_name":"Udruga invalida rada Rijeka","article_published_time":"2026-04-24T09:56:01+00:00","article_modified_time":"2026-04-24T09:57:09+00:00","og_image":[{"width":1800,"height":1350,"url":"https:\/\/uir-ri.hr\/wp-content\/uploads\/2026\/04\/9cc14067-99b5-4602-8d33-cf6c942f4e08.jpg","type":"image\/jpeg"}],"author":"uir","twitter_card":"summary_large_image","twitter_misc":{"Napisao\/la":"uir","Procijenjeno vrijeme \u010ditanja":"1 minuta"},"schema":{"@context":"https:\/\/schema.org","@graph":[{"@type":"Article","@id":"https:\/\/uir-ri.hr\/?p=1634#article","isPartOf":{"@id":"https:\/\/uir-ri.hr\/?p=1634"},"author":{"name":"uir","@id":"https:\/\/uir-ri.hr\/#\/schema\/person\/1daea4437933e995bef9aec7c894432e"},"headline":"Piknik Platak","datePublished":"2026-04-24T09:56:01+00:00","dateModified":"2026-04-24T09:57:09+00:00","mainEntityOfPage":{"@id":"https:\/\/uir-ri.hr\/?p=1634"},"wordCount":143,"publisher":{"@id":"https:\/\/uir-ri.hr\/#organization"},"image":{"@id":"https:\/\/uir-ri.hr\/?p=1634#primaryimage"},"thumbnailUrl":"https:\/\/uir-ri.hr\/wp-content\/uploads\/2026\/04\/9cc14067-99b5-4602-8d33-cf6c942f4e08.jpg","articleSection":["Vijesti"],"inLanguage":"hr"},{"@type":"WebPage","@id":"https:\/\/uir-ri.hr\/?p=1634","url":"https:\/\/uir-ri.hr\/?p=1634","name":"Piknik Platak - Udruga invalida rada Rijeka","isPartOf":{"@id":"https:\/\/uir-ri.hr\/#website"},"primaryImageOfPage":{"@id":"https:\/\/uir-ri.hr\/?p=1634#primaryimage"},"image":{"@id":"https:\/\/uir-ri.hr\/?p=1634#primaryimage"},"thumbnailUrl":"https:\/\/uir-ri.hr\/wp-content\/uploads\/2026\/04\/9cc14067-99b5-4602-8d33-cf6c942f4e08.jpg","datePublished":"2026-04-24T09:56:01+00:00","dateModified":"2026-04-24T09:57:09+00:00","breadcrumb":{"@id":"https:\/\/uir-ri.hr\/?p=1634#breadcrumb"},"inLanguage":"hr","potentialAction":[{"@type":"ReadAction","target":["https:\/\/uir-ri.hr\/?p=1634"]}]},{"@type":"ImageObject","inLanguage":"hr","@id":"https:\/\/uir-ri.hr\/?p=1634#primaryimage","url":"https:\/\/uir-ri.hr\/wp-content\/uploads\/2026\/04\/9cc14067-99b5-4602-8d33-cf6c942f4e08.jpg","contentUrl":"https:\/\/uir-ri.hr\/wp-content\/uploads\/2026\/04\/9cc14067-99b5-4602-8d33-cf6c942f4e08.jpg","width":1800,"height":1350},{"@type":"BreadcrumbList","@id":"https:\/\/uir-ri.hr\/?p=1634#breadcrumb","itemListElement":[{"@type":"ListItem","position":1,"name":"Po\u010detna stranica","item":"https:\/\/uir-ri.hr\/"},{"@type":"ListItem","position":2,"name":"Piknik Platak"}]},{"@type":"WebSite","@id":"https:\/\/uir-ri.hr\/#website","url":"https:\/\/uir-ri.hr\/","name":"Udruga invalida rada Rijeka","description":"Slu\u017ebene stranice","publisher":{"@id":"https:\/\/uir-ri.hr\/#organization"},"potentialAction":[{"@type":"SearchAction","target":{"@type":"EntryPoint","urlTemplate":"https:\/\/uir-ri.hr\/?s={search_term_string}"},"query-input":{"@type":"PropertyValueSpecification","valueRequired":true,"valueName":"search_term_string"}}],"inLanguage":"hr"},{"@type":"Organization","@id":"https:\/\/uir-ri.hr\/#organization","name":"UDRUGA INVALIDA RADA RIJEKA","url":"https:\/\/uir-ri.hr\/","logo":{"@type":"ImageObject","inLanguage":"hr","@id":"https:\/\/uir-ri.hr\/#\/schema\/logo\/image\/","url":"https:\/\/uir-ri.hr\/wp-content\/uploads\/2017\/04\/n_mi_201653124327.png","contentUrl":"https:\/\/uir-ri.hr\/wp-content\/uploads\/2017\/04\/n_mi_201653124327.png","width":324,"height":245,"caption":"UDRUGA INVALIDA RADA RIJEKA"},"image":{"@id":"https:\/\/uir-ri.hr\/#\/schema\/logo\/image\/"}},{"@type":"Person","@id":"https:\/\/uir-ri.hr\/#\/schema\/person\/1daea4437933e995bef9aec7c894432e","name":"uir","image":{"@type":"ImageObject","inLanguage":"hr","@id":"https:\/\/uir-ri.hr\/#\/schema\/person\/image\/","url":"https:\/\/secure.gravatar.com\/avatar\/e6b1386950a1f5c1ce514e850bec9a3dda744ae1bb85599e1e931622fadc699b?s=96&d=mm&r=g","contentUrl":"https:\/\/secure.gravatar.com\/avatar\/e6b1386950a1f5c1ce514e850bec9a3dda744ae1bb85599e1e931622fadc699b?s=96&d=mm&r=g","caption":"uir"}}]}},"_links":{"self":[{"href":"https:\/\/uir-ri.hr\/index.php?rest_route=\/wp\/v2\/posts\/1634","targetHints":{"allow":["GET"]}}],"collection":[{"href":"https:\/\/uir-ri.hr\/index.php?rest_route=\/wp\/v2\/posts"}],"about":[{"href":"https:\/\/uir-ri.hr\/index.php?rest_route=\/wp\/v2\/types\/post"}],"author":[{"embeddable":true,"href":"https:\/\/uir-ri.hr\/index.php?rest_route=\/wp\/v2\/users\/2"}],"replies":[{"embeddable":true,"href":"https:\/\/uir-ri.hr\/index.php?rest_route=%2Fwp%2Fv2%2Fcomments&post=1634"}],"version-history":[{"count":1,"href":"https:\/\/uir-ri.hr\/index.php?rest_route=\/wp\/v2\/posts\/1634\/revisions"}],"predecessor-version":[{"id":1643,"href":"https:\/\/uir-ri.hr\/index.php?rest_route=\/wp\/v2\/posts\/1634\/revisions\/1643"}],"wp:featuredmedia":[{"embeddable":true,"href":"https:\/\/uir-ri.hr\/index.php?rest_route=\/wp\/v2\/media\/1639"}],"wp:attachment":[{"href":"https:\/\/uir-ri.hr\/index.php?rest_route=%2Fwp%2Fv2%2Fmedia&parent=1634"}],"wp:term":[{"taxonomy":"category","embeddable":true,"href":"https:\/\/uir-ri.hr\/index.php?rest_route=%2Fwp%2Fv2%2Fcategories&post=1634"},{"taxonomy":"post_tag","embeddable":true,"href":"https:\/\/uir-ri.hr\/index.php?rest_route=%2Fwp%2Fv2%2Ftags&post=1634"}],"curies":[{"name":"wp","href":"https:\/\/api.w.org\/{rel}","templated":true}]}}