{"id":1645,"date":"2026-04-28T08:53:53","date_gmt":"2026-04-28T06:53:53","guid":{"rendered":"https:\/\/uir-ri.hr\/?p=1645"},"modified":"2026-04-28T08:55:34","modified_gmt":"2026-04-28T06:55:34","slug":"upute-za-nasljednike-podnositelja-zahtjeva-za-inkluzivni-dodatak","status":"publish","type":"post","link":"https:\/\/uir-ri.hr\/?p=1645","title":{"rendered":"Upute za nasljednike podnositelja zahtjeva za inkluzivni dodatak"},"content":{"rendered":"<p>Ministarstvo rada, mirovinskoga sustava, obitelji i socijalne politike objavilo je upute za nasljednike podnositelja koji su za \u017eivota podnijeli zahtjev za priznavanje prava na inkluzivni dodatak, ali su na\u017ealost preminuli prije dono\u0161enja kona\u010dne odluke o pravu<\/p>\n<ul>\n<li>Nasljednici podnositelja zahtjeva za inkluzivni dodatak mogu zatra\u017eiti nastavak ili obnovu postupka za ostvarivanje prava na inkluzivni dodatak. Klju\u010dni dokument je rje\u0161enje o naslje\u0111ivanju, odnosno dokaz o pokrenutom ostavinskom postupku u slu\u010dajevima u kojima isti nije proveden. Bitno je napomenuti da podaci o nasljednicima preminulih osoba nisu dostupni HZSR-u, stoga se postupci ne mogu pokrenuti bez navedene dokumentacije.<\/li>\n<\/ul>\n<ul>\n<li>Kada je rije\u010d o rokovima, Zakon o upravnom postupku propisuje rok od 30 dana u odnosu na dan saznanja za mogu\u0107nost nastavka ili obnove postupka (tzv. subjektivni rok) ili najdu\u017ei rok od 3 godine od po\u010detka samog postupka (tzv. objektivni rok). Subjektivni rok po\u010dinje te\u0107i od kada je stranka izjavila da je saznala da mo\u017ee zatra\u017eiti nastavak ili obnovu postupka, a objektivni od dana pravomo\u0107nosti rje\u0161enja kojim je dovr\u0161en postupak za koji se tra\u017ei obnova.<\/li>\n<\/ul>\n<ul>\n<li>Nasljednici se s\u00a0<a href=\"https:\/\/gov.hr\/hr\/ostavinski-postupak\/780?lang=hr\">pravomo\u0107nim rje\u0161enjem o naslje\u0111ivanju<\/a>\u00a0obra\u0107aju Hrvatskom zavodu za socijalni rad prema\u00a0<a href=\"https:\/\/socskrb.hr\/kontakt\/\">mjestu prebivali\u0161ta<\/a>\u00a0osobe za koju se vodio postupak za ostvarivanje prava na inkluzivni dodatak. Pravomo\u0107no rje\u0161enje je va\u017eno radi dokazivanja pravnog interesa, ali i dokazivanja statusa nasljednika.<\/li>\n<\/ul>\n<ul>\n<li>Ako nemaju rje\u0161enje o naslje\u0111ivanju trebaju pokrenuti ostavinski postupak i dostaviti dokaz (potvrdu) o njegovom pokretanju.<\/li>\n<\/ul>\n<ul>\n<li>Postupak, \u010diji nastavak ili obnovu su zatra\u017eili nasljednici, dovr\u0161it \u0107e se prema raspolo\u017eivoj medicinskoj dokumentaciji, kojom \u0107e se utvrditi je li preminula osoba imala pravo na inkluzivni dodatak.<\/li>\n<\/ul>\n<ul>\n<li>Ukoliko se utvrdi da je preminula osoba imala pravo na inkluzivni dodatak, donosi se rje\u0161enje o priznavanju prava u iznosu pripadaju\u0107e razine inkluzivnog dodatka za razdoblje od dana podno\u0161enja zahtjeva do dana smrti osobe.<\/li>\n<\/ul>\n<ul>\n<li>Nasljednici pravomo\u0107no rje\u0161enje o inkluzivnom dodatku prijavljuju kao naknadno prona\u0111enu imovinu u slu\u010dajevima u kojima je ranije proveden ostavinski postupak i posjeduju rje\u0161enje o naslje\u0111ivanju. U slu\u010dajevima u kojima ostavinski postupak nije dovr\u0161en, nasljednici pravomo\u0107no rje\u0161enje o inkluzivnom dodatku prijavljuju kao ostavinsku imovinu ostavitelja.<\/li>\n<\/ul>\n<ul>\n<li>S pravomo\u0107nim rje\u0161enjem o naslje\u0111ivanju ili o naslje\u0111ivanju naknadno prona\u0111ene imovine, nasljednici se obra\u0107aju\u00a0 podru\u010dnom uredu Hrvatskog zavoda za socijalni rad koji je donio rje\u0161enje, radi isplate potra\u017eivanja.<\/li>\n<\/ul>\n<ul>\n<li>Ako nasljednici nisu zadovoljni rje\u0161enjem, imaju pravo \u017ealbe.<\/li>\n<\/ul>\n<p>Nasljednici se obra\u0107aju Podru\u010dnom uredu Hrvatskog zavoda za socijalni rad:<\/p>\n<ul>\n<li>ako je podnositelj predao zahtjev Hrvatskom zavodu za socijalni rad za ostvarivanje inkluzivnog dodatka, ali je preminuo prije dono\u0161enja rje\u0161enja,<\/li>\n<li>ako nakon smrti nisu podnosili \u017ealbu Hrvatskom zavodu za socijalni rad ili Ministarstvu te nisu pokretali upravni spor,<\/li>\n<li>ako je pokrenut postupak pred Upravnim sudom.<\/li>\n<\/ul>\n<p>Za ve\u0107u dostupnost informacija i kvalitetniju uslugu organiziran je poseban besplatni info telefon Hrvatskog zavoda za socijalni rad- pozivni centar:<strong>\u00a00800 200 090\u00a0<\/strong>(Ponedjeljak-petak od 8 do 15 sati)<br \/>\nU provedbi postupaka ostvarivanja prava nasljednika podnositelja zahtjeva za inkluzivni dodatak prikupljat \u0107e se komentari i sugestije iz prakse te unaprje\u0111ivati postupanje, ukoliko se uka\u017ee opravdana potreba. Ovakvim pristupom Ministarstvo rada, mirovinskoga sustava, obitelji i socijalne politike nastavlja svoju praksu otvorenosti i suradnje sa svim dionicima u cilju unaprje\u0111enja kvalitete rada i kvalitete usluge korisnicima.<\/p>\n<div class=\"col-lg-9 col-md-8 post\">\n<div class=\"col-lg-12\">\n<p>Izvor:\u00a0<a href=\"https:\/\/mrosp.gov.hr\/\">Ministarstvo rada, mirovinskoga sustava, obitelji i socijalne politike<\/a><\/p>\n<\/div>\n<\/div>\n","protected":false},"excerpt":{"rendered":"<p>Ministarstvo rada, mirovinskoga sustava, obitelji i socijalne politike objavilo je upute za nasljednike podnositelja koji su za \u017eivota podnijeli zahtjev za priznavanje prava na inkluzivni dodatak, ali su na\u017ealost preminuli prije dono\u0161enja kona\u010dne odluke&#46;&#46;&#46;<\/p>\n","protected":false},"author":2,"featured_media":1646,"comment_status":"closed","ping_status":"closed","sticky":false,"template":"","format":"standard","meta":{"footnotes":""},"categories":[1],"tags":[],"class_list":["post-1645","post","type-post","status-publish","format-standard","has-post-thumbnail","hentry","category-vijesti"],"yoast_head":"<!-- This site is optimized with the Yoast SEO plugin v25.0 - https:\/\/yoast.com\/wordpress\/plugins\/seo\/ -->\n<title>Upute za nasljednike podnositelja zahtjeva za inkluzivni dodatak - Udruga invalida rada Rijeka<\/title>\n<meta name=\"robots\" content=\"index, follow, max-snippet:-1, max-image-preview:large, max-video-preview:-1\" \/>\n<link rel=\"canonical\" href=\"https:\/\/uir-ri.hr\/?p=1645\" \/>\n<meta property=\"og:locale\" content=\"hr_HR\" \/>\n<meta property=\"og:type\" content=\"article\" \/>\n<meta property=\"og:title\" content=\"Upute za nasljednike podnositelja zahtjeva za inkluzivni dodatak - Udruga invalida rada Rijeka\" \/>\n<meta property=\"og:description\" content=\"Ministarstvo rada, mirovinskoga sustava, obitelji i socijalne politike objavilo je upute za nasljednike podnositelja koji su za \u017eivota podnijeli zahtjev za priznavanje prava na inkluzivni dodatak, ali su na\u017ealost preminuli prije dono\u0161enja kona\u010dne odluke&#046;&#046;&#046;\" \/>\n<meta property=\"og:url\" content=\"https:\/\/uir-ri.hr\/?p=1645\" \/>\n<meta property=\"og:site_name\" content=\"Udruga invalida rada Rijeka\" \/>\n<meta property=\"article:published_time\" content=\"2026-04-28T06:53:53+00:00\" \/>\n<meta property=\"article:modified_time\" content=\"2026-04-28T06:55:34+00:00\" \/>\n<meta property=\"og:image\" content=\"https:\/\/uir-ri.hr\/wp-content\/uploads\/2026\/04\/UPUTE3a.jpg\" \/>\n\t<meta property=\"og:image:width\" content=\"1500\" \/>\n\t<meta property=\"og:image:height\" content=\"750\" \/>\n\t<meta property=\"og:image:type\" content=\"image\/jpeg\" \/>\n<meta name=\"author\" content=\"uir\" \/>\n<meta name=\"twitter:card\" content=\"summary_large_image\" \/>\n<meta name=\"twitter:label1\" content=\"Napisao\/la\" \/>\n\t<meta name=\"twitter:data1\" content=\"uir\" \/>\n\t<meta name=\"twitter:label2\" content=\"Procijenjeno vrijeme \u010ditanja\" \/>\n\t<meta name=\"twitter:data2\" content=\"4 minute\" \/>\n<script type=\"application\/ld+json\" class=\"yoast-schema-graph\">{\"@context\":\"https:\/\/schema.org\",\"@graph\":[{\"@type\":\"Article\",\"@id\":\"https:\/\/uir-ri.hr\/?p=1645#article\",\"isPartOf\":{\"@id\":\"https:\/\/uir-ri.hr\/?p=1645\"},\"author\":{\"name\":\"uir\",\"@id\":\"https:\/\/uir-ri.hr\/#\/schema\/person\/1daea4437933e995bef9aec7c894432e\"},\"headline\":\"Upute za nasljednike podnositelja zahtjeva za inkluzivni dodatak\",\"datePublished\":\"2026-04-28T06:53:53+00:00\",\"dateModified\":\"2026-04-28T06:55:34+00:00\",\"mainEntityOfPage\":{\"@id\":\"https:\/\/uir-ri.hr\/?p=1645\"},\"wordCount\":580,\"publisher\":{\"@id\":\"https:\/\/uir-ri.hr\/#organization\"},\"image\":{\"@id\":\"https:\/\/uir-ri.hr\/?p=1645#primaryimage\"},\"thumbnailUrl\":\"https:\/\/uir-ri.hr\/wp-content\/uploads\/2026\/04\/UPUTE3a.jpg\",\"articleSection\":[\"Vijesti\"],\"inLanguage\":\"hr\"},{\"@type\":\"WebPage\",\"@id\":\"https:\/\/uir-ri.hr\/?p=1645\",\"url\":\"https:\/\/uir-ri.hr\/?p=1645\",\"name\":\"Upute za nasljednike podnositelja zahtjeva za inkluzivni dodatak - Udruga invalida rada Rijeka\",\"isPartOf\":{\"@id\":\"https:\/\/uir-ri.hr\/#website\"},\"primaryImageOfPage\":{\"@id\":\"https:\/\/uir-ri.hr\/?p=1645#primaryimage\"},\"image\":{\"@id\":\"https:\/\/uir-ri.hr\/?p=1645#primaryimage\"},\"thumbnailUrl\":\"https:\/\/uir-ri.hr\/wp-content\/uploads\/2026\/04\/UPUTE3a.jpg\",\"datePublished\":\"2026-04-28T06:53:53+00:00\",\"dateModified\":\"2026-04-28T06:55:34+00:00\",\"breadcrumb\":{\"@id\":\"https:\/\/uir-ri.hr\/?p=1645#breadcrumb\"},\"inLanguage\":\"hr\",\"potentialAction\":[{\"@type\":\"ReadAction\",\"target\":[\"https:\/\/uir-ri.hr\/?p=1645\"]}]},{\"@type\":\"ImageObject\",\"inLanguage\":\"hr\",\"@id\":\"https:\/\/uir-ri.hr\/?p=1645#primaryimage\",\"url\":\"https:\/\/uir-ri.hr\/wp-content\/uploads\/2026\/04\/UPUTE3a.jpg\",\"contentUrl\":\"https:\/\/uir-ri.hr\/wp-content\/uploads\/2026\/04\/UPUTE3a.jpg\",\"width\":1500,\"height\":750},{\"@type\":\"BreadcrumbList\",\"@id\":\"https:\/\/uir-ri.hr\/?p=1645#breadcrumb\",\"itemListElement\":[{\"@type\":\"ListItem\",\"position\":1,\"name\":\"Po\u010detna stranica\",\"item\":\"https:\/\/uir-ri.hr\/\"},{\"@type\":\"ListItem\",\"position\":2,\"name\":\"Upute za nasljednike podnositelja zahtjeva za inkluzivni dodatak\"}]},{\"@type\":\"WebSite\",\"@id\":\"https:\/\/uir-ri.hr\/#website\",\"url\":\"https:\/\/uir-ri.hr\/\",\"name\":\"Udruga invalida rada Rijeka\",\"description\":\"Slu\u017ebene stranice\",\"publisher\":{\"@id\":\"https:\/\/uir-ri.hr\/#organization\"},\"potentialAction\":[{\"@type\":\"SearchAction\",\"target\":{\"@type\":\"EntryPoint\",\"urlTemplate\":\"https:\/\/uir-ri.hr\/?s={search_term_string}\"},\"query-input\":{\"@type\":\"PropertyValueSpecification\",\"valueRequired\":true,\"valueName\":\"search_term_string\"}}],\"inLanguage\":\"hr\"},{\"@type\":\"Organization\",\"@id\":\"https:\/\/uir-ri.hr\/#organization\",\"name\":\"UDRUGA INVALIDA RADA RIJEKA\",\"url\":\"https:\/\/uir-ri.hr\/\",\"logo\":{\"@type\":\"ImageObject\",\"inLanguage\":\"hr\",\"@id\":\"https:\/\/uir-ri.hr\/#\/schema\/logo\/image\/\",\"url\":\"https:\/\/uir-ri.hr\/wp-content\/uploads\/2017\/04\/n_mi_201653124327.png\",\"contentUrl\":\"https:\/\/uir-ri.hr\/wp-content\/uploads\/2017\/04\/n_mi_201653124327.png\",\"width\":324,\"height\":245,\"caption\":\"UDRUGA INVALIDA RADA RIJEKA\"},\"image\":{\"@id\":\"https:\/\/uir-ri.hr\/#\/schema\/logo\/image\/\"}},{\"@type\":\"Person\",\"@id\":\"https:\/\/uir-ri.hr\/#\/schema\/person\/1daea4437933e995bef9aec7c894432e\",\"name\":\"uir\",\"image\":{\"@type\":\"ImageObject\",\"inLanguage\":\"hr\",\"@id\":\"https:\/\/uir-ri.hr\/#\/schema\/person\/image\/\",\"url\":\"https:\/\/secure.gravatar.com\/avatar\/e6b1386950a1f5c1ce514e850bec9a3dda744ae1bb85599e1e931622fadc699b?s=96&d=mm&r=g\",\"contentUrl\":\"https:\/\/secure.gravatar.com\/avatar\/e6b1386950a1f5c1ce514e850bec9a3dda744ae1bb85599e1e931622fadc699b?s=96&d=mm&r=g\",\"caption\":\"uir\"}}]}<\/script>\n<!-- \/ Yoast SEO plugin. -->","yoast_head_json":{"title":"Upute za nasljednike podnositelja zahtjeva za inkluzivni dodatak - Udruga invalida rada Rijeka","robots":{"index":"index","follow":"follow","max-snippet":"max-snippet:-1","max-image-preview":"max-image-preview:large","max-video-preview":"max-video-preview:-1"},"canonical":"https:\/\/uir-ri.hr\/?p=1645","og_locale":"hr_HR","og_type":"article","og_title":"Upute za nasljednike podnositelja zahtjeva za inkluzivni dodatak - Udruga invalida rada Rijeka","og_description":"Ministarstvo rada, mirovinskoga sustava, obitelji i socijalne politike objavilo je upute za nasljednike podnositelja koji su za \u017eivota podnijeli zahtjev za priznavanje prava na inkluzivni dodatak, ali su na\u017ealost preminuli prije dono\u0161enja kona\u010dne odluke&#46;&#46;&#46;","og_url":"https:\/\/uir-ri.hr\/?p=1645","og_site_name":"Udruga invalida rada Rijeka","article_published_time":"2026-04-28T06:53:53+00:00","article_modified_time":"2026-04-28T06:55:34+00:00","og_image":[{"width":1500,"height":750,"url":"https:\/\/uir-ri.hr\/wp-content\/uploads\/2026\/04\/UPUTE3a.jpg","type":"image\/jpeg"}],"author":"uir","twitter_card":"summary_large_image","twitter_misc":{"Napisao\/la":"uir","Procijenjeno vrijeme \u010ditanja":"4 minute"},"schema":{"@context":"https:\/\/schema.org","@graph":[{"@type":"Article","@id":"https:\/\/uir-ri.hr\/?p=1645#article","isPartOf":{"@id":"https:\/\/uir-ri.hr\/?p=1645"},"author":{"name":"uir","@id":"https:\/\/uir-ri.hr\/#\/schema\/person\/1daea4437933e995bef9aec7c894432e"},"headline":"Upute za nasljednike podnositelja zahtjeva za inkluzivni dodatak","datePublished":"2026-04-28T06:53:53+00:00","dateModified":"2026-04-28T06:55:34+00:00","mainEntityOfPage":{"@id":"https:\/\/uir-ri.hr\/?p=1645"},"wordCount":580,"publisher":{"@id":"https:\/\/uir-ri.hr\/#organization"},"image":{"@id":"https:\/\/uir-ri.hr\/?p=1645#primaryimage"},"thumbnailUrl":"https:\/\/uir-ri.hr\/wp-content\/uploads\/2026\/04\/UPUTE3a.jpg","articleSection":["Vijesti"],"inLanguage":"hr"},{"@type":"WebPage","@id":"https:\/\/uir-ri.hr\/?p=1645","url":"https:\/\/uir-ri.hr\/?p=1645","name":"Upute za nasljednike podnositelja zahtjeva za inkluzivni dodatak - Udruga invalida rada Rijeka","isPartOf":{"@id":"https:\/\/uir-ri.hr\/#website"},"primaryImageOfPage":{"@id":"https:\/\/uir-ri.hr\/?p=1645#primaryimage"},"image":{"@id":"https:\/\/uir-ri.hr\/?p=1645#primaryimage"},"thumbnailUrl":"https:\/\/uir-ri.hr\/wp-content\/uploads\/2026\/04\/UPUTE3a.jpg","datePublished":"2026-04-28T06:53:53+00:00","dateModified":"2026-04-28T06:55:34+00:00","breadcrumb":{"@id":"https:\/\/uir-ri.hr\/?p=1645#breadcrumb"},"inLanguage":"hr","potentialAction":[{"@type":"ReadAction","target":["https:\/\/uir-ri.hr\/?p=1645"]}]},{"@type":"ImageObject","inLanguage":"hr","@id":"https:\/\/uir-ri.hr\/?p=1645#primaryimage","url":"https:\/\/uir-ri.hr\/wp-content\/uploads\/2026\/04\/UPUTE3a.jpg","contentUrl":"https:\/\/uir-ri.hr\/wp-content\/uploads\/2026\/04\/UPUTE3a.jpg","width":1500,"height":750},{"@type":"BreadcrumbList","@id":"https:\/\/uir-ri.hr\/?p=1645#breadcrumb","itemListElement":[{"@type":"ListItem","position":1,"name":"Po\u010detna stranica","item":"https:\/\/uir-ri.hr\/"},{"@type":"ListItem","position":2,"name":"Upute za nasljednike podnositelja zahtjeva za inkluzivni dodatak"}]},{"@type":"WebSite","@id":"https:\/\/uir-ri.hr\/#website","url":"https:\/\/uir-ri.hr\/","name":"Udruga invalida rada Rijeka","description":"Slu\u017ebene stranice","publisher":{"@id":"https:\/\/uir-ri.hr\/#organization"},"potentialAction":[{"@type":"SearchAction","target":{"@type":"EntryPoint","urlTemplate":"https:\/\/uir-ri.hr\/?s={search_term_string}"},"query-input":{"@type":"PropertyValueSpecification","valueRequired":true,"valueName":"search_term_string"}}],"inLanguage":"hr"},{"@type":"Organization","@id":"https:\/\/uir-ri.hr\/#organization","name":"UDRUGA INVALIDA RADA RIJEKA","url":"https:\/\/uir-ri.hr\/","logo":{"@type":"ImageObject","inLanguage":"hr","@id":"https:\/\/uir-ri.hr\/#\/schema\/logo\/image\/","url":"https:\/\/uir-ri.hr\/wp-content\/uploads\/2017\/04\/n_mi_201653124327.png","contentUrl":"https:\/\/uir-ri.hr\/wp-content\/uploads\/2017\/04\/n_mi_201653124327.png","width":324,"height":245,"caption":"UDRUGA INVALIDA RADA RIJEKA"},"image":{"@id":"https:\/\/uir-ri.hr\/#\/schema\/logo\/image\/"}},{"@type":"Person","@id":"https:\/\/uir-ri.hr\/#\/schema\/person\/1daea4437933e995bef9aec7c894432e","name":"uir","image":{"@type":"ImageObject","inLanguage":"hr","@id":"https:\/\/uir-ri.hr\/#\/schema\/person\/image\/","url":"https:\/\/secure.gravatar.com\/avatar\/e6b1386950a1f5c1ce514e850bec9a3dda744ae1bb85599e1e931622fadc699b?s=96&d=mm&r=g","contentUrl":"https:\/\/secure.gravatar.com\/avatar\/e6b1386950a1f5c1ce514e850bec9a3dda744ae1bb85599e1e931622fadc699b?s=96&d=mm&r=g","caption":"uir"}}]}},"_links":{"self":[{"href":"https:\/\/uir-ri.hr\/index.php?rest_route=\/wp\/v2\/posts\/1645","targetHints":{"allow":["GET"]}}],"collection":[{"href":"https:\/\/uir-ri.hr\/index.php?rest_route=\/wp\/v2\/posts"}],"about":[{"href":"https:\/\/uir-ri.hr\/index.php?rest_route=\/wp\/v2\/types\/post"}],"author":[{"embeddable":true,"href":"https:\/\/uir-ri.hr\/index.php?rest_route=\/wp\/v2\/users\/2"}],"replies":[{"embeddable":true,"href":"https:\/\/uir-ri.hr\/index.php?rest_route=%2Fwp%2Fv2%2Fcomments&post=1645"}],"version-history":[{"count":3,"href":"https:\/\/uir-ri.hr\/index.php?rest_route=\/wp\/v2\/posts\/1645\/revisions"}],"predecessor-version":[{"id":1649,"href":"https:\/\/uir-ri.hr\/index.php?rest_route=\/wp\/v2\/posts\/1645\/revisions\/1649"}],"wp:featuredmedia":[{"embeddable":true,"href":"https:\/\/uir-ri.hr\/index.php?rest_route=\/wp\/v2\/media\/1646"}],"wp:attachment":[{"href":"https:\/\/uir-ri.hr\/index.php?rest_route=%2Fwp%2Fv2%2Fmedia&parent=1645"}],"wp:term":[{"taxonomy":"category","embeddable":true,"href":"https:\/\/uir-ri.hr\/index.php?rest_route=%2Fwp%2Fv2%2Fcategories&post=1645"},{"taxonomy":"post_tag","embeddable":true,"href":"https:\/\/uir-ri.hr\/index.php?rest_route=%2Fwp%2Fv2%2Ftags&post=1645"}],"curies":[{"name":"wp","href":"https:\/\/api.w.org\/{rel}","templated":true}]}}